{"id":58303,"date":"2025-08-18T08:56:00","date_gmt":"2025-08-18T11:56:00","guid":{"rendered":"https:\/\/www.radiopresidenteibanez.cl\/web\/?p=58303"},"modified":"2025-08-18T08:13:22","modified_gmt":"2025-08-18T11:13:22","slug":"boletin-informativo-orbe-58","status":"publish","type":"post","link":"https:\/\/www.radiopresidenteibanez.cl\/web\/boletin-informativo-orbe-58\/","title":{"rendered":"BOLETIN INFORMATIVO ORBE"},"content":{"rendered":"\n<p>SANTIAGO.- La \u00faltima edici\u00f3n de la encuesta Cadem, publicada<br>este domingo, se\u00f1al\u00f3 que la carrera presidencial est\u00e1<br>liderada por el republicano Jos\u00e9 Antonio Kast con un 29 por<br>ciento, seguido por la oficialista Jeannette Jara con un 25<br>por ciento y Evelyn Matthei con un 14 por ciento. Despu\u00e9s se<br>ubican Franco Parisi con un 12 por ciento y Johannes Kaiser<br>con un 7 por ciento, mientras Marco Enr\u00edquez-Ominami y Harold<br>Mayne-Nicholls llegan a un uno por ciento cada uno.<\/p>\n\n\n\n<p>SANTIAGO.- Otro de los temas incluidos en el estudio de Cadem<br>es la crisis del empleo. Al respecto, la inflaci\u00f3n y el<br>desempleo son las principales preocupaciones econ\u00f3micas de<br>los chilenos, y el 78 por ciento tiene alg\u00fan conocido o<br>cercano que perdi\u00f3 su trabajo durante este a\u00f1o. Por \u00faltimo,<br>en la tercera semana de agosto, un 32 por ciento de los<br>consultados aprueba la gesti\u00f3n del Presidente Gabriel Boric y<br>un 66 por ciento lo desaprueba.<\/p>\n\n\n\n<p>VALPARAISO.- Tras la inscripci\u00f3n de los pactos para competir<br>en las elecciones parlamentarias de noviembre el ministro del<br>Interior. \u00c1lvaro Elizalde, se\u00f1al\u00f3 que \u00abno es una buena<br>noticia para el pa\u00eds\u00bb, la divisi\u00f3n en el sector oficialista.<br>Seg\u00fan Elizalde, \u00abhay quienes o no creyeron en la unidad o no<br>tuvieron los grados de generosidad suficientes para generar<br>una lista que incorporara a todos los actores del<br>progresismo\u00bb.<\/p>\n\n\n\n<p>SANTIAGO.- El l\u00edder del Partido Comunista Acci\u00f3n Proletaria,<br>Eduardo Art\u00e9s, competir\u00e1 por tercera vez consecutiva en las<br>elecciones presidenciales tras haber recolectado las 35 mil<br>361 firmas exigidas por el Servicio Electoral. Su comando<br>afirm\u00f3 que seguir\u00e1n recolectando patrocinios hasta el<br>mediod\u00eda de este lunes, para posteriormente inscribir la<br>candidatura durante la tarde.<\/p>\n\n\n\n<p>SANTIAGO.- El ministro de Seguridad P\u00fablica, Luis Cordero, se<br>refiri\u00f3 a la captura de Alberto Carlos Mej\u00eda, sujeto<br>implicado en el homicidio de Jos\u00e9 Felipe Reyes Ossa, alias el<br>\u00abRey de Meiggs\u00bb, se\u00f1alando que deber\u00eda estar en Chile en \u00abno<br>m\u00e1s all\u00e1 de dos o tres meses\u00bb. Eso s\u00ed, explic\u00f3 que el<br>requerimiento de extradici\u00f3n \u00ablo realiza el Ministerio<br>P\u00fablico, se tramita a trav\u00e9s de la Canciller\u00eda, y luego tiene<br>tramitaci\u00f3n jurisdiccional en Colombia\u00bb.<\/p>\n\n\n\n<p>SANTIAGO.- El ministro de Justicia, Jaime Gajardo, respondi\u00f3<br>a las cr\u00edticas pol\u00edticas en su contra tras la fuga de tres<br>reclusos desde la C\u00e1rcel de Valpara\u00edso, se\u00f1alando que durante<br>la administraci\u00f3n del Presidente Gabriel Boric han disminuido<br>las evasiones en comparaci\u00f3n con gobiernos anteriores.<br>\u00abNosotros hemos disminuido eso a pesar de la sobrepoblaci\u00f3n y<br>eso se ha hecho gracias a un plan. No se ha hecho de la nada,<br>no es por generaci\u00f3n espont\u00e1nea\u00bb, se\u00f1al\u00f3.<\/p>\n","protected":false},"excerpt":{"rendered":"<p>SANTIAGO.- La \u00faltima edici\u00f3n de la encuesta Cadem, publicadaeste domingo, se\u00f1al\u00f3 que la carrera presidencial est\u00e1liderada por el republicano Jos\u00e9 Antonio Kast con un 29 porciento, seguido por la oficialista&#8230; <a class=\"read-more\" href=\"https:\/\/www.radiopresidenteibanez.cl\/web\/boletin-informativo-orbe-58\/\">Leer m\u00e1s<\/a><\/p>\n","protected":false},"author":2,"featured_media":58304,"comment_status":"closed","ping_status":"closed","sticky":false,"template":"","format":"standard","meta":{"footnotes":""},"categories":[1],"tags":[],"class_list":["post-58303","post","type-post","status-publish","format-standard","has-post-thumbnail","hentry","category-cronica"],"_links":{"self":[{"href":"https:\/\/www.radiopresidenteibanez.cl\/web\/wp-json\/wp\/v2\/posts\/58303","targetHints":{"allow":["GET"]}}],"collection":[{"href":"https:\/\/www.radiopresidenteibanez.cl\/web\/wp-json\/wp\/v2\/posts"}],"about":[{"href":"https:\/\/www.radiopresidenteibanez.cl\/web\/wp-json\/wp\/v2\/types\/post"}],"author":[{"embeddable":true,"href":"https:\/\/www.radiopresidenteibanez.cl\/web\/wp-json\/wp\/v2\/users\/2"}],"replies":[{"embeddable":true,"href":"https:\/\/www.radiopresidenteibanez.cl\/web\/wp-json\/wp\/v2\/comments?post=58303"}],"version-history":[{"count":0,"href":"https:\/\/www.radiopresidenteibanez.cl\/web\/wp-json\/wp\/v2\/posts\/58303\/revisions"}],"wp:featuredmedia":[{"embeddable":true,"href":"https:\/\/www.radiopresidenteibanez.cl\/web\/wp-json\/wp\/v2\/media\/58304"}],"wp:attachment":[{"href":"https:\/\/www.radiopresidenteibanez.cl\/web\/wp-json\/wp\/v2\/media?parent=58303"}],"wp:term":[{"taxonomy":"category","embeddable":true,"href":"https:\/\/www.radiopresidenteibanez.cl\/web\/wp-json\/wp\/v2\/categories?post=58303"},{"taxonomy":"post_tag","embeddable":true,"href":"https:\/\/www.radiopresidenteibanez.cl\/web\/wp-json\/wp\/v2\/tags?post=58303"}],"curies":[{"name":"wp","href":"https:\/\/api.w.org\/{rel}","templated":true}]}}