{"id":58296,"date":"2025-08-17T16:28:00","date_gmt":"2025-08-17T19:28:00","guid":{"rendered":"https:\/\/www.radiopresidenteibanez.cl\/web\/?p=58296"},"modified":"2025-08-17T11:30:48","modified_gmt":"2025-08-17T14:30:48","slug":"gerente-general-de-epaustral-expuso-desafios-logisticos-en-el-traslado-de-aerogeneradores-durante-sesion-del-pacto-de-magallanes","status":"publish","type":"post","link":"https:\/\/www.radiopresidenteibanez.cl\/web\/gerente-general-de-epaustral-expuso-desafios-logisticos-en-el-traslado-de-aerogeneradores-durante-sesion-del-pacto-de-magallanes\/","title":{"rendered":"GERENTE GENERAL DE EPAUSTRAL EXPUSO DESAF\u00cdOS LOG\u00cdSTICOS EN EL TRASLADO DE AEROGENERADORES DURANTE SESI\u00d3N DEL PACTO DE MAGALLANES"},"content":{"rendered":"\n<p>El Gerente General de la Empresa Portuaria Austral (EPAUSTRAL), Miguel Palma,<br>present\u00f3 en una nueva sesi\u00f3n del Pacto de Magallanes los detalles de la operaci\u00f3n<br>de traslado de aerogeneradores para Argentina, realizada entre junio y julio de este<br>a\u00f1o en el Terminal Jos\u00e9 de los Santos Mardones y en la Rampa Tres Puentes, en<br>Punta Arenas.<br>El ejecutivo expuso ante las y los integrantes de esta instancia p\u00fablico-privada,<br>impulsada por el Gobierno de Chile y actores regionales para fomentar el desarrollo<br>sostenible de la industria del hidr\u00f3geno verde en la Regi\u00f3n de Magallanes, y que<br>articula el trabajo de ministerios, empresas, gremios y el Gobierno Regional de<br>Magallanes.<br>La sesi\u00f3n cont\u00f3 con la participaci\u00f3n de los ministros de Econom\u00eda, Energ\u00eda, Medio<br>Ambiente y Trabajo; los subsecretarios de Obras P\u00fablicas y Educaci\u00f3n Superior y el<br>vicepresidente de CORFO, entre otras autoridades, en una mesa liderada por el<br>Gobernador Regional, Jorge Flies, y el delegado Presidencial, Jos\u00e9 Ruiz.<br>El Gerente General EPAUSTRAL profundiz\u00f3 en la log\u00edstica que implic\u00f3 recibir esta<br>carga de gran envergadura en el Terminal Mardones, que involucr\u00f3 la coordinaci\u00f3n<br>de nueve empresas log\u00edsticas, diez turnos de trabajo y m\u00e1s de 5.800 m\u00b2 de<br>superficie de acopio. En total, fueron m\u00e1s de mil toneladas de equipos<br>correspondientes a dos aerogeneradores de 4,2 MW de potencia, con aspas de 67<br>metros de longitud, para la generaci\u00f3n el\u00e9ctrica en el yacimiento Cullen Total Austral<br>(O&amp;G), en la parte argentina de Tierra del Fuego.<br>Miguel Palma detall\u00f3 adem\u00e1s la etapa de transporte desde el Terminal Mardones<br>hasta Tres Puentes, destacando los tiempos eficientes de traslado y el impacto<br>m\u00ednimo en la operaci\u00f3n urbana y la conectividad de la ciudad, gracias a una<br>planificaci\u00f3n precisa previa a cada uno de los nueve embarques mar\u00edtimos hacia<br>Primera Angostura, en la Isla de Tierra del Fuego. La presentaci\u00f3n culmin\u00f3 con un<br>registro audiovisual que evidenci\u00f3 la t\u00e9cnica y el esfuerzo colaborativo detr\u00e1s de<br>esta operaci\u00f3n.<br>Esta experiencia refuerza la capacidad actual de la infraestructura portuaria de<br>Magallanes para manejar cargas de gran tama\u00f1o, y anticipa las mejoras<br>significativas con los proyectos estrat\u00e9gicos que la estatal portuaria prepara para el<br>Terminal Mardones (adem\u00e1s de iniciativas para el Terminal Arturo Prat), que<br>permitir\u00e1n realizar estas operaciones a mayor escala de cara a la instalaci\u00f3n de la<br>industria H2V en Magallanes.<\/p>\n","protected":false},"excerpt":{"rendered":"<p>El Gerente General de la Empresa Portuaria Austral (EPAUSTRAL), Miguel Palma,present\u00f3 en una nueva sesi\u00f3n del Pacto de Magallanes los detalles de la operaci\u00f3nde traslado de aerogeneradores para Argentina, realizada&#8230; <a class=\"read-more\" href=\"https:\/\/www.radiopresidenteibanez.cl\/web\/gerente-general-de-epaustral-expuso-desafios-logisticos-en-el-traslado-de-aerogeneradores-durante-sesion-del-pacto-de-magallanes\/\">Leer m\u00e1s<\/a><\/p>\n","protected":false},"author":2,"featured_media":58297,"comment_status":"closed","ping_status":"closed","sticky":false,"template":"","format":"standard","meta":{"footnotes":""},"categories":[1],"tags":[],"class_list":["post-58296","post","type-post","status-publish","format-standard","has-post-thumbnail","hentry","category-cronica"],"_links":{"self":[{"href":"https:\/\/www.radiopresidenteibanez.cl\/web\/wp-json\/wp\/v2\/posts\/58296","targetHints":{"allow":["GET"]}}],"collection":[{"href":"https:\/\/www.radiopresidenteibanez.cl\/web\/wp-json\/wp\/v2\/posts"}],"about":[{"href":"https:\/\/www.radiopresidenteibanez.cl\/web\/wp-json\/wp\/v2\/types\/post"}],"author":[{"embeddable":true,"href":"https:\/\/www.radiopresidenteibanez.cl\/web\/wp-json\/wp\/v2\/users\/2"}],"replies":[{"embeddable":true,"href":"https:\/\/www.radiopresidenteibanez.cl\/web\/wp-json\/wp\/v2\/comments?post=58296"}],"version-history":[{"count":0,"href":"https:\/\/www.radiopresidenteibanez.cl\/web\/wp-json\/wp\/v2\/posts\/58296\/revisions"}],"wp:featuredmedia":[{"embeddable":true,"href":"https:\/\/www.radiopresidenteibanez.cl\/web\/wp-json\/wp\/v2\/media\/58297"}],"wp:attachment":[{"href":"https:\/\/www.radiopresidenteibanez.cl\/web\/wp-json\/wp\/v2\/media?parent=58296"}],"wp:term":[{"taxonomy":"category","embeddable":true,"href":"https:\/\/www.radiopresidenteibanez.cl\/web\/wp-json\/wp\/v2\/categories?post=58296"},{"taxonomy":"post_tag","embeddable":true,"href":"https:\/\/www.radiopresidenteibanez.cl\/web\/wp-json\/wp\/v2\/tags?post=58296"}],"curies":[{"name":"wp","href":"https:\/\/api.w.org\/{rel}","templated":true}]}}