{"id":58293,"date":"2025-08-17T13:25:00","date_gmt":"2025-08-17T16:25:00","guid":{"rendered":"https:\/\/www.radiopresidenteibanez.cl\/web\/?p=58293"},"modified":"2025-08-17T11:28:02","modified_gmt":"2025-08-17T14:28:02","slug":"centro-de-desarrollo-de-negocios-de-puerto-natales-celebra-sus-10-anos-con-jornada-gratuita-de-talleres-para-emprendedores-y-distintos-reconocimientos","status":"publish","type":"post","link":"https:\/\/www.radiopresidenteibanez.cl\/web\/centro-de-desarrollo-de-negocios-de-puerto-natales-celebra-sus-10-anos-con-jornada-gratuita-de-talleres-para-emprendedores-y-distintos-reconocimientos\/","title":{"rendered":"Centro de Desarrollo de Negocios de Puerto Natales celebra sus 10 a\u00f1os con jornada gratuita de talleres para emprendedores y distintos reconocimientos"},"content":{"rendered":"\n<p>Talleres gratuitos dirigido a emprendedores, presentaci\u00f3n de resultados y<br>reconocimiento a emprendedores destacados, con la participaci\u00f3n de autoridades, socios<br>estrat\u00e9gicos, clientes y emprendedores, fueron parte de las acciones que marcaron este<br>mi\u00e9rcoles en la capital provincial de \u00daltima Esperanza, todo ello junto a un importante marco<br>de asistentes, mayormente que potencian sus negocios bajo el alero de los Centros de<br>Negocio de Sercotec.<br>En este sentido, Natasha Alarc\u00f3n, directora regional de Sercotec, quien encabez\u00f3 esta<br>instancia, entreg\u00f3 cifras, resultados de la gesti\u00f3n de los Centros de la regi\u00f3n, destacando la<br>impronta y el impacto que ha tenido el trabajo de cada centro en pro del desarrollo de<br>emprendimientos y de creaci\u00f3n de nuevos negocios.<br>\u201cEs fundamental para Sercotec celebrar los 10 a\u00f1os del Programa Centro de Desarrollo de<br>Negocios en el territorio, tal como lo hicimos en Punta Arenas hoy estamos en Puerto Natales,<br>realzando la importancia de los Centros para los emprendedores, emprendedoras y empresas<br>que han sido asesoradas con un apoyo integral y especializado, en donde m\u00e1s de 3.443<br>empresas han sido asesoradas a nivel regional en estos 10 a\u00f1os, de las cuales 1.088<br>corresponden a Puerto Natales, donde queremos reflejar la importancia de la vinculaci\u00f3n con<br>los actores del ecosistema emprendedor, que ha sido un aporte para el \u00e9xito de este programa<br>que, por ende, busca generar impactos econ\u00f3micos en cada una de las empresas<br>asesoradas\u201d, expres\u00f3 la directora regional.<br>Por su parte, Francisco Caro, jefe del Centro de Desarrollo de Negocios de Puerto Natales, expres\u00f3<br>que \u201cconsidero que la gesti\u00f3n de los Centros ha sido algo muy beneficioso para la comunidad,<br>emprendedores a nivel local, regional y nacional. Mi impresi\u00f3n, es que es un programa muy positivo<br>de Sercotec porque lo que se entrega a los clientes, beneficiarios en el fondo, no son recursos o<br>fondos concursables, sino que son conocimiento herramientas que van m\u00e1s all\u00e1 y tienen un mayor<br>valor agregado, as\u00ed que, en ese sentido muy contento que esto se haya iniciado 10 a\u00f1os atr\u00e1s y que<br>contin\u00fae a trav\u00e9s de los distintos gobiernos, porque ya se transform\u00f3 en una pol\u00edtica estatal\u201d.<\/p>\n\n\n\n<p>Testimonio local<br>Finalmente, Daniela D \u0301Angelo, propietaria de Nomad Cafeter\u00eda De Especialidad, destac\u00f3<br>y valor\u00f3 el asesoramiento recibido de parte del Centro de Negocios, manifestando que \u201cme ha<br>ayudado desde el d\u00eda 0, me dieron informaci\u00f3n y ayuda. Yo llegue sin entender nada del pa\u00eds,<br>ya que soy argentina, y no ten\u00eda conocimiento ni de emprender ni nada, as\u00ed que fue crucial para<br>mi toda su ayuda, charlas talleres, entre otras cosas. Particip\u00e9 en absolutamente todo lo que<br>hab\u00eda porque necesitaba aprender sobre todos los temas y,<br>a medida que fui desarrollando la idea de negocio, me ayudaron a la primer postulaci\u00f3n , un<br>Capital Abeja, el cual me adjudique y gracias a eso compre mi primera m\u00e1quina de caf\u00e9, el<br>motor del negocio, lo principal. Con eso pude abrir y empezar a vender.<br>a lo largo de estos 6 a\u00f1os de cafeter\u00eda. Sigo activa en sus talleres, en sus asesor\u00edas y<br>constantemente estoy consultando a mi asesor por cualquier duda que me surge y siempre<br>me est\u00e1 dando respuesta y apoyo\u201d.<br>De esta manera, se entregaron reconocimientos a 6 clientes destacados del Centro de<br>Desarrollo de Negocios Sercotec Puerto Natales por su trayectoria y crecimiento.<br>Y en cuanto a los talleres ejecutados durante la jornada fueron \u201cConectar para Empoderar,<br>Colaborar para Crecer\u201d, a modo de una experiencia pr\u00e1ctica y vivencial centrada en el<br>desarrollo personal del emprendedor, el liderazgo consciente y la generaci\u00f3n de redes<br>colaborativas desde una perspectiva de neurociencia aplicada. Y finalmente, el taller<br>\u201cInteligencia Artificial Aplicada al Emprendimiento, el que estuvo orientado a que los<br>emprendedores conozcan y se familiaricen con el uso de la inteligencia artificial como<br>herramienta para potenciar sus negocios, identificar oportunidades y optimizar procesos.<br>Sercotec cuenta hoy con una red de 62 Centros de Desarrollo de Negocios abiertos desde<br>Arica hasta Punta Arenas y , desde su creaci\u00f3n, los Centros de Desarrollo de Negocios<br>Sercotec han brindado asesor\u00eda y capacitaci\u00f3n gratuita a emprendedores y empresas de<br>menor tama\u00f1o. Se han consolidado como un espacio de apoyo, aprendizaje y colaboraci\u00f3n,<br>donde el acompa\u00f1amiento constante del equipo de profesionales ha sido clave para fortalecer<br>capacidades y abrir nuevas oportunidades.<\/p>\n","protected":false},"excerpt":{"rendered":"<p>Talleres gratuitos dirigido a emprendedores, presentaci\u00f3n de resultados yreconocimiento a emprendedores destacados, con la participaci\u00f3n de autoridades, sociosestrat\u00e9gicos, clientes y emprendedores, fueron parte de las acciones que marcaron estemi\u00e9rcoles en&#8230; <a class=\"read-more\" href=\"https:\/\/www.radiopresidenteibanez.cl\/web\/centro-de-desarrollo-de-negocios-de-puerto-natales-celebra-sus-10-anos-con-jornada-gratuita-de-talleres-para-emprendedores-y-distintos-reconocimientos\/\">Leer m\u00e1s<\/a><\/p>\n","protected":false},"author":2,"featured_media":58294,"comment_status":"closed","ping_status":"closed","sticky":false,"template":"","format":"standard","meta":{"footnotes":""},"categories":[1],"tags":[],"class_list":["post-58293","post","type-post","status-publish","format-standard","has-post-thumbnail","hentry","category-cronica"],"_links":{"self":[{"href":"https:\/\/www.radiopresidenteibanez.cl\/web\/wp-json\/wp\/v2\/posts\/58293","targetHints":{"allow":["GET"]}}],"collection":[{"href":"https:\/\/www.radiopresidenteibanez.cl\/web\/wp-json\/wp\/v2\/posts"}],"about":[{"href":"https:\/\/www.radiopresidenteibanez.cl\/web\/wp-json\/wp\/v2\/types\/post"}],"author":[{"embeddable":true,"href":"https:\/\/www.radiopresidenteibanez.cl\/web\/wp-json\/wp\/v2\/users\/2"}],"replies":[{"embeddable":true,"href":"https:\/\/www.radiopresidenteibanez.cl\/web\/wp-json\/wp\/v2\/comments?post=58293"}],"version-history":[{"count":0,"href":"https:\/\/www.radiopresidenteibanez.cl\/web\/wp-json\/wp\/v2\/posts\/58293\/revisions"}],"wp:featuredmedia":[{"embeddable":true,"href":"https:\/\/www.radiopresidenteibanez.cl\/web\/wp-json\/wp\/v2\/media\/58294"}],"wp:attachment":[{"href":"https:\/\/www.radiopresidenteibanez.cl\/web\/wp-json\/wp\/v2\/media?parent=58293"}],"wp:term":[{"taxonomy":"category","embeddable":true,"href":"https:\/\/www.radiopresidenteibanez.cl\/web\/wp-json\/wp\/v2\/categories?post=58293"},{"taxonomy":"post_tag","embeddable":true,"href":"https:\/\/www.radiopresidenteibanez.cl\/web\/wp-json\/wp\/v2\/tags?post=58293"}],"curies":[{"name":"wp","href":"https:\/\/api.w.org\/{rel}","templated":true}]}}