{"id":58289,"date":"2025-08-17T11:23:29","date_gmt":"2025-08-17T14:23:29","guid":{"rendered":"https:\/\/www.radiopresidenteibanez.cl\/web\/?p=58289"},"modified":"2025-08-17T11:24:55","modified_gmt":"2025-08-17T14:24:55","slug":"gobierno-reconoce-a-mas-de-300-dirigentes-sociales-y-comunitarios-de-magallanes-en-el-mes-de-la-dirigencia","status":"publish","type":"post","link":"https:\/\/www.radiopresidenteibanez.cl\/web\/gobierno-reconoce-a-mas-de-300-dirigentes-sociales-y-comunitarios-de-magallanes-en-el-mes-de-la-dirigencia\/","title":{"rendered":"Gobierno reconoce a m\u00e1s de 300 dirigentes sociales y comunitarios de Magallanes en el Mes de la Dirigencia"},"content":{"rendered":"\n<p>Se destac\u00f3 la relevancia de la organizaci\u00f3n social como base de la democracia y<br>motor de la vida comunitaria en el territorio austral.<br>Con un emotivo acto desarrollado en Punta Arenas, el Gobierno del Presidente<br>Gabriel Boric rindi\u00f3 homenaje a m\u00e1s de 300 dirigentes y dirigentas sociales de la<br>Regi\u00f3n de Magallanes y Ant\u00e1rtica Chilena, en el marco de la conmemoraci\u00f3n<br>nacional del Mes de la Dirigencia Social y Comunitaria. La actividad congreg\u00f3 a<br>representantes de todas las provincias de la regi\u00f3n, quienes recibieron un<br>reconocimiento por su incansable labor al servicio de sus comunidades.<br>La ceremonia cont\u00f3 con la presencia del Director Nacional de la Divisi\u00f3n de<br>Organizaciones Sociales, Nicol\u00e1s Hurtado; el Delegado Presidencial Regional,<br>Jos\u00e9 Ruiz Pivcevic; el Seremi de Gobierno, Andro Mimica, adem\u00e1s de Secretarios<br>Regionales Ministeriales, alcaldes y jefes de servicios p\u00fablicos. En la oportunidad<br>se destac\u00f3 la relevancia de la organizaci\u00f3n social como base de la democracia y<br>motor de la vida comunitaria en el territorio austral.<br>El Director Nacional de la DOS, Nicol\u00e1s Hurtado, subray\u00f3 que el reconocimiento a<br>las dirigencias es tambi\u00e9n un compromiso con su fortalecimiento: \u201cEstamos<br>justamente reconociendo a las dirigencias porque cumplen un rol tremendamente<br>importante, clave para el funcionamiento de las comunidades de los territorios. Un<br>dirigente m\u00e1s capacitado hace una mejor tarea respecto a sus comunidades, y por<br>eso impulsamos herramientas como el Premio Anual a la Dirigencia Social, la<br>Consulta Ciudadana Mujeres que Sostienen, y el trabajo legislativo que busca<br>proteger a las dirigencias y fortalecer la Ley 20.500\u201d.<br>En tanto, el Delegado Presidencial, Jos\u00e9 Ruiz Pivcevic, relev\u00f3 el aporte de<br>quienes destinan su tiempo y esfuerzo a la vida comunitaria: \u201cQueremos reconocer<br>a m\u00e1s de 300 dirigentes por el tremendo valor que realizan d\u00eda a d\u00eda, un trabajo<br>muchas veces silencioso, pero vital para mejorar la vida de sus vecinos. Cuando<br>hay m\u00e1s comunidad, hay m\u00e1s seguridad, m\u00e1s convivencia y m\u00e1s democracia. Esa<br>es la misi\u00f3n que compartimos como Gobierno del Presidente Boric\u201d.<br>El Seremi de Gobierno, Andro Mimica, quien durante la ceremonia present\u00f3 los<br>avances del Gobierno, enfatizando el rol del dirigente en este proyecto colectivo<\/p>\n\n\n\n<p>de desarrollo, tambi\u00e9n destac\u00f3 el apoyo a las organizaciones: \u201cHemos logrado por<br>tercer a\u00f1o consecutivo llegar a las cuatro provincias de Magallanes, con m\u00e1s de<br>110 proyectos financiados por el Fondo de Fortalecimiento de la SEGEGOB, con<br>m\u00e1s de 210 millones de pesos. Este es un hito hist\u00f3rico que demuestra c\u00f3mo las<br>pol\u00edticas p\u00fablicas, trabajadas con las dirigencias, mejoran la calidad de vida de<br>nuestras comunidades\u201d.<br>Desde la propia voz de las y los dirigentes, tambi\u00e9n se valor\u00f3 el reconocimiento.<br>Gloria Lasa, presidenta de la Uni\u00f3n Comunal Juntas de Vecinos Unidas de Puerto<br>Natales, expres\u00f3: \u201cEl rol de la dirigencia es ser puente con las autoridades y<br>ayudar en lo que m\u00e1s podamos a nuestros vecinos. Agradecemos al Gobierno del<br>Presidente Boric porque ha fortalecido a las organizaciones y a trav\u00e9s del Fondo<br>de Fortalecimiento hemos podido impulsar liderazgo, capacitaciones y proyectos<br>que favorecen directamente a nuestras comunidades\u201d.<br>Por su parte, Jos\u00e9 Luis Orellana, presidente de la agrupaci\u00f3n de rescate Ladridos<br>del Sur 9, a\u00f1adi\u00f3: \u201cMe parece muy bien que hoy se destaque el rol del dirigente en<br>el funcionamiento de las organizaciones sociales, porque muchas veces hay<br>labores invisibles. Este reconocimiento permite visibilizar y valorar gestiones que<br>hacemos por la comunidad\u201d.<br>En este emotivo evento, el Gobierno reafirm\u00f3 su compromiso con las dirigencias<br>sociales de Magallanes, entendiendo que su aporte es fundamental para construir<br>m\u00e1s cohesi\u00f3n social, democracia y bienestar en los territorios.<\/p>\n","protected":false},"excerpt":{"rendered":"<p>Se destac\u00f3 la relevancia de la organizaci\u00f3n social como base de la democracia ymotor de la vida comunitaria en el territorio austral.Con un emotivo acto desarrollado en Punta Arenas, el&#8230; <a class=\"read-more\" href=\"https:\/\/www.radiopresidenteibanez.cl\/web\/gobierno-reconoce-a-mas-de-300-dirigentes-sociales-y-comunitarios-de-magallanes-en-el-mes-de-la-dirigencia\/\">Leer m\u00e1s<\/a><\/p>\n","protected":false},"author":2,"featured_media":58290,"comment_status":"closed","ping_status":"closed","sticky":false,"template":"","format":"standard","meta":{"footnotes":""},"categories":[1],"tags":[],"class_list":["post-58289","post","type-post","status-publish","format-standard","has-post-thumbnail","hentry","category-cronica"],"_links":{"self":[{"href":"https:\/\/www.radiopresidenteibanez.cl\/web\/wp-json\/wp\/v2\/posts\/58289","targetHints":{"allow":["GET"]}}],"collection":[{"href":"https:\/\/www.radiopresidenteibanez.cl\/web\/wp-json\/wp\/v2\/posts"}],"about":[{"href":"https:\/\/www.radiopresidenteibanez.cl\/web\/wp-json\/wp\/v2\/types\/post"}],"author":[{"embeddable":true,"href":"https:\/\/www.radiopresidenteibanez.cl\/web\/wp-json\/wp\/v2\/users\/2"}],"replies":[{"embeddable":true,"href":"https:\/\/www.radiopresidenteibanez.cl\/web\/wp-json\/wp\/v2\/comments?post=58289"}],"version-history":[{"count":0,"href":"https:\/\/www.radiopresidenteibanez.cl\/web\/wp-json\/wp\/v2\/posts\/58289\/revisions"}],"wp:featuredmedia":[{"embeddable":true,"href":"https:\/\/www.radiopresidenteibanez.cl\/web\/wp-json\/wp\/v2\/media\/58290"}],"wp:attachment":[{"href":"https:\/\/www.radiopresidenteibanez.cl\/web\/wp-json\/wp\/v2\/media?parent=58289"}],"wp:term":[{"taxonomy":"category","embeddable":true,"href":"https:\/\/www.radiopresidenteibanez.cl\/web\/wp-json\/wp\/v2\/categories?post=58289"},{"taxonomy":"post_tag","embeddable":true,"href":"https:\/\/www.radiopresidenteibanez.cl\/web\/wp-json\/wp\/v2\/tags?post=58289"}],"curies":[{"name":"wp","href":"https:\/\/api.w.org\/{rel}","templated":true}]}}