{"id":58286,"date":"2025-08-14T18:16:00","date_gmt":"2025-08-14T21:16:00","guid":{"rendered":"https:\/\/www.radiopresidenteibanez.cl\/web\/?p=58286"},"modified":"2025-08-14T11:31:22","modified_gmt":"2025-08-14T14:31:22","slug":"gasco-magallanes-advierte-sobre-el-uso-indebido-de-las-instalaciones-de-gas-natural-2","status":"publish","type":"post","link":"https:\/\/www.radiopresidenteibanez.cl\/web\/gasco-magallanes-advierte-sobre-el-uso-indebido-de-las-instalaciones-de-gas-natural-2\/","title":{"rendered":"GASCO Magallanes advierte sobre el uso indebido de las instalaciones de gas natural"},"content":{"rendered":"\n<p>Producto del constante monitoreo de las redes de distribuci\u00f3n de gas natural, GASCO Magallanes ha identificado diversas irregularidades en las conexiones domiciliarias y redes de distribuci\u00f3n de gas natural, los cuales conforme a la normativa vigente son calificados como \u201cactos irregulares\u201d que pueden poner en riesgo integridad y seguridad del servicio. Las autoridades competentes han sido informadas para su debida investigaci\u00f3n de estos hechos.<\/p>\n\n\n\n<p>En particular, se ha observado con especial atenci\u00f3n la intervenci\u00f3n en los medidores de gas, que puede conllevar a la falsificaci\u00f3n del registro de los consumos, ya sea por la acci\u00f3n de terceros o mediante conexiones irregulares realizadas directamente en el empalme, lo cual impide la medici\u00f3n adecuada. Asimismo, informamos est\u00e1 prohibida cualquier acci\u00f3n que implique la reactivaci\u00f3n de un servicio suspendido \u2014por motivos como la morosidad o la detecci\u00f3n de fugas en las redes interiores\u2014 cuando dicha intervenci\u00f3n sea ejecutada por personas ajenas a GASCO Magallanes. Estas pr\u00e1cticas generan un riesgo inminente de incendio o explosi\u00f3n, con potenciales da\u00f1os a la propiedad y a la integridad de las personas.<\/p>\n\n\n\n<p>Adem\u00e1s, queda expresamente prohibido alterar el uso destinado al gas suministrado o modificar las condiciones del servicio sin la debida acreditaci\u00f3n ante la Superintendencia de Electricidad y Combustibles, como ocurre, por ejemplo, cuando se incrementa el consumo en el interior de una propiedad sin la evaluaci\u00f3n de un instalador autorizado.<\/p>\n\n\n\n<p>En caso de detectarse cualquier acto irregular, la empresa proceder\u00e1 a suspender de forma inmediata el servicio, ya sea a nivel del medidor o de la red de gas, y notificar\u00e1 a la autoridad correspondiente. Cada una de estas alteraciones expone a los usuarios y a las instalaciones a los riesgos inherentes a la manipulaci\u00f3n de los sistemas de distribuci\u00f3n de gas natural. Asimismo, se ha informado que los costos asociados a la regularizaci\u00f3n de tales irregularidades ser\u00e1n de cargo del cliente o consumidor.<\/p>\n","protected":false},"excerpt":{"rendered":"<p>Producto del constante monitoreo de las redes de distribuci\u00f3n de gas natural, GASCO Magallanes ha identificado diversas irregularidades en las conexiones domiciliarias y redes de distribuci\u00f3n de gas natural, los&#8230; <a class=\"read-more\" href=\"https:\/\/www.radiopresidenteibanez.cl\/web\/gasco-magallanes-advierte-sobre-el-uso-indebido-de-las-instalaciones-de-gas-natural-2\/\">Leer m\u00e1s<\/a><\/p>\n","protected":false},"author":2,"featured_media":58287,"comment_status":"closed","ping_status":"closed","sticky":false,"template":"","format":"standard","meta":{"footnotes":""},"categories":[1],"tags":[],"class_list":["post-58286","post","type-post","status-publish","format-standard","has-post-thumbnail","hentry","category-cronica"],"_links":{"self":[{"href":"https:\/\/www.radiopresidenteibanez.cl\/web\/wp-json\/wp\/v2\/posts\/58286","targetHints":{"allow":["GET"]}}],"collection":[{"href":"https:\/\/www.radiopresidenteibanez.cl\/web\/wp-json\/wp\/v2\/posts"}],"about":[{"href":"https:\/\/www.radiopresidenteibanez.cl\/web\/wp-json\/wp\/v2\/types\/post"}],"author":[{"embeddable":true,"href":"https:\/\/www.radiopresidenteibanez.cl\/web\/wp-json\/wp\/v2\/users\/2"}],"replies":[{"embeddable":true,"href":"https:\/\/www.radiopresidenteibanez.cl\/web\/wp-json\/wp\/v2\/comments?post=58286"}],"version-history":[{"count":0,"href":"https:\/\/www.radiopresidenteibanez.cl\/web\/wp-json\/wp\/v2\/posts\/58286\/revisions"}],"wp:featuredmedia":[{"embeddable":true,"href":"https:\/\/www.radiopresidenteibanez.cl\/web\/wp-json\/wp\/v2\/media\/58287"}],"wp:attachment":[{"href":"https:\/\/www.radiopresidenteibanez.cl\/web\/wp-json\/wp\/v2\/media?parent=58286"}],"wp:term":[{"taxonomy":"category","embeddable":true,"href":"https:\/\/www.radiopresidenteibanez.cl\/web\/wp-json\/wp\/v2\/categories?post=58286"},{"taxonomy":"post_tag","embeddable":true,"href":"https:\/\/www.radiopresidenteibanez.cl\/web\/wp-json\/wp\/v2\/tags?post=58286"}],"curies":[{"name":"wp","href":"https:\/\/api.w.org\/{rel}","templated":true}]}}