{"id":58283,"date":"2025-08-14T16:54:00","date_gmt":"2025-08-14T19:54:00","guid":{"rendered":"https:\/\/www.radiopresidenteibanez.cl\/web\/?p=58283"},"modified":"2025-08-14T11:16:15","modified_gmt":"2025-08-14T14:16:15","slug":"una-gran-caravana-vehicular-por-punta-arenas-celebro-50-anos-del-jardin-infantil-caperucita-roja","status":"publish","type":"post","link":"https:\/\/www.radiopresidenteibanez.cl\/web\/una-gran-caravana-vehicular-por-punta-arenas-celebro-50-anos-del-jardin-infantil-caperucita-roja\/","title":{"rendered":"Una gran caravana vehicular por Punta Arenas celebr\u00f3 50 a\u00f1os del Jard\u00edn Infantil \u201cCaperucita Roja\u201d"},"content":{"rendered":"\n<p>\u201cQueremos hacer visible para todas y todos en Punta Arenas lo que se hace en el Jard\u00edn Infantil \u2018Caperucita Roja\u2019 y tambi\u00e9n, que estamos de fiesta. Son 50 a\u00f1os de historia, de trayectoria y es mucho m\u00e1s lo que queda por delante\u201d, dijo el presidente del Centro de Madres, Padres y Apoderados del establecimiento de la Junta Nacional de Jardines Infantiles (Junji), Nelson Morales.<\/p>\n\n\n\n<p>\u00c9l fue parte de las cientos de personas, ni\u00f1as y ni\u00f1os, familias, profesionales, educadoras, t\u00e9cnicos, auxiliares y de la comunidad educativa en general, que particip\u00f3 de una caravana vehicular en conmemoraci\u00f3n de los 50 a\u00f1os del recinto, fundado el 7 de julio de 1975 y ubicado en calle Augusto Lutz 1265, de la capital regional de Magallanes y de la Ant\u00e1rtica Chilena.&nbsp;&nbsp;<\/p>\n\n\n\n<p>El presidente de los apoderados aprovech\u00f3 de llamar a la ciudadan\u00eda, madres y padres a confiar en los procesos de la Educaci\u00f3n Parvularia e inscribir a sus hijas e hijos en esta unidad de la Junji. \u201cHay profesionales y t\u00e9cnicos muy comprometidos en el desarrollo de las ni\u00f1as y los ni\u00f1os, lo cual es fundamental para su crecimiento. Puedo dar fiel testimonio que ellas y ellos \u2018se pegan un salto enorme\u2019 en lo comunicacional, son m\u00e1s receptivos, crean habilidades, aprenden a trabajar en equipo. Es una formaci\u00f3n que en la casa no van a poder recibir. Ac\u00e1 se comparte, en convivencia y comunidad\u201d, asever\u00f3 agradecido de su experiencia y la de su familia.<\/p>\n\n\n\n<p>Los cincuenta autom\u00f3viles que formaron la caravana, liderada por un carro que contaba con los personajes del cuento de la \u201cCaperucita Roja\u201d, el Lobo Feroz, la Abuelita y el Le\u00f1ador, recorrieron calle Augusto Lutz hasta las avenidas Salvador Allende, Independencia y Espa\u00f1a, tomaron calle Fagnano en direcci\u00f3n a la Plaza Benjam\u00edn Mu\u00f1oz Gamero, para posteriormente hacer la misma ruta de regreso a la Poblaci\u00f3n \u201cEl Ping\u00fcino\u201d. El alegre y emocionante recorrido inici\u00f3 a las 10 de la ma\u00f1ana de este mi\u00e9rcoles 13 de agosto de 2025, con un d\u00eda fr\u00edo y soleado que tuvo la alegr\u00eda de esta fiesta de la Educaci\u00f3n Parvularia.<\/p>\n\n\n\n<p>La directora del establecimiento, Johanna Navarrete Vergara, enfatiz\u00f3 que es \u201ctremendamente especial cumplir 50 a\u00f1os. Marca una trayectoria muy importante. Es una gran celebraci\u00f3n con distintas actividades. La idea es demostrar alegr\u00eda y poder festejar con la comunidad\u201d.<\/p>\n\n\n\n<p>Agreg\u00f3 que el recinto cuenta con una capacidad para 200 ni\u00f1as y ni\u00f1os y en \u00e9l trabajan cuarenta funcionarias y funcionarios de la Junji. \u201cHago un llamado a la comunidad para que inscriban a sus hijas e hijos en nuestra unidad educativa, durante todo el a\u00f1o. Tenemos cupos desde Sala Cuna Menor a Medio Mayor\u201d, enfatiz\u00f3. Para m\u00e1s informaci\u00f3n sobre \u201cCaperucita Roja\u201d y los otros establecimientos de la Junji en Magallanes, pueden llamar al Sistema Integral de Informaci\u00f3n y Atenci\u00f3n Ciudadana (SIAC), al 61 2 748207, escribir a cjerez@<a href=\"http:\/\/junji.cl\/\" target=\"_blank\" rel=\"noreferrer noopener\">junji.cl<\/a>&nbsp;o visitar las oficinas de la Direcci\u00f3n Regional, ubicadas en Jos\u00e9 Men\u00e9ndez 788, Punta Arenas.<\/p>\n\n\n\n<p>La caravana vehicular cont\u00f3 con la directora regional de la Junji, Paola Valenzuela Pino y el secretario regional ministerial de Educaci\u00f3n, Valent\u00edn Aguilera G\u00f3mez. Este \u00faltimo recalc\u00f3 que el \u201cCaperucita Roja\u201d es un \u201cjard\u00edn muy antiguo y emblem\u00e1tico al servicio de la comunidad, la Poblaci\u00f3n \u2018El Ping\u00fcino\u2019 y Punta Arenas. Hemos acompa\u00f1ado las celebraciones. Cumplir 50 a\u00f1os es muy significativo. Much\u00edsimas ni\u00f1as y ni\u00f1os han sido parte de esta trayectoria a lo largo del tiempo. Nuestras felicitaciones a todas y todos\u201d.<\/p>\n","protected":false},"excerpt":{"rendered":"<p>\u201cQueremos hacer visible para todas y todos en Punta Arenas lo que se hace en el Jard\u00edn Infantil \u2018Caperucita Roja\u2019 y tambi\u00e9n, que estamos de fiesta. Son 50 a\u00f1os de&#8230; <a class=\"read-more\" href=\"https:\/\/www.radiopresidenteibanez.cl\/web\/una-gran-caravana-vehicular-por-punta-arenas-celebro-50-anos-del-jardin-infantil-caperucita-roja\/\">Leer m\u00e1s<\/a><\/p>\n","protected":false},"author":2,"featured_media":58284,"comment_status":"closed","ping_status":"closed","sticky":false,"template":"","format":"standard","meta":{"footnotes":""},"categories":[1],"tags":[],"class_list":["post-58283","post","type-post","status-publish","format-standard","has-post-thumbnail","hentry","category-cronica"],"_links":{"self":[{"href":"https:\/\/www.radiopresidenteibanez.cl\/web\/wp-json\/wp\/v2\/posts\/58283","targetHints":{"allow":["GET"]}}],"collection":[{"href":"https:\/\/www.radiopresidenteibanez.cl\/web\/wp-json\/wp\/v2\/posts"}],"about":[{"href":"https:\/\/www.radiopresidenteibanez.cl\/web\/wp-json\/wp\/v2\/types\/post"}],"author":[{"embeddable":true,"href":"https:\/\/www.radiopresidenteibanez.cl\/web\/wp-json\/wp\/v2\/users\/2"}],"replies":[{"embeddable":true,"href":"https:\/\/www.radiopresidenteibanez.cl\/web\/wp-json\/wp\/v2\/comments?post=58283"}],"version-history":[{"count":0,"href":"https:\/\/www.radiopresidenteibanez.cl\/web\/wp-json\/wp\/v2\/posts\/58283\/revisions"}],"wp:featuredmedia":[{"embeddable":true,"href":"https:\/\/www.radiopresidenteibanez.cl\/web\/wp-json\/wp\/v2\/media\/58284"}],"wp:attachment":[{"href":"https:\/\/www.radiopresidenteibanez.cl\/web\/wp-json\/wp\/v2\/media?parent=58283"}],"wp:term":[{"taxonomy":"category","embeddable":true,"href":"https:\/\/www.radiopresidenteibanez.cl\/web\/wp-json\/wp\/v2\/categories?post=58283"},{"taxonomy":"post_tag","embeddable":true,"href":"https:\/\/www.radiopresidenteibanez.cl\/web\/wp-json\/wp\/v2\/tags?post=58283"}],"curies":[{"name":"wp","href":"https:\/\/api.w.org\/{rel}","templated":true}]}}