{"id":58280,"date":"2025-08-14T15:57:00","date_gmt":"2025-08-14T18:57:00","guid":{"rendered":"https:\/\/www.radiopresidenteibanez.cl\/web\/?p=58280"},"modified":"2025-08-14T10:54:25","modified_gmt":"2025-08-14T13:54:25","slug":"en-visita-a-magallanes-presidenta-del-sistema-de-empresas-publicas-destaca-avance-en-proyectos-estrategicos-de-la-empresa-portuaria-austral","status":"publish","type":"post","link":"https:\/\/www.radiopresidenteibanez.cl\/web\/en-visita-a-magallanes-presidenta-del-sistema-de-empresas-publicas-destaca-avance-en-proyectos-estrategicos-de-la-empresa-portuaria-austral\/","title":{"rendered":"En visita a Magallanes, Presidenta del Sistema de Empresas P\u00fablicas destaca avance en proyectos estrat\u00e9gicos de la Empresa Portuaria Austral"},"content":{"rendered":"\n<p>Con el objetivo de conocer en terreno el trabajo que se desarrolla en los puertos de<br>la Regi\u00f3n de Magallanes, la presidenta del Sistema de Empresas P\u00fablicas (SEP),<br>Paulina Soriano, visit\u00f3 las instalaciones de la Empresa Portuaria Austral destacando<br>el avance en las mejoras que est\u00e1 realizando la estatal magall\u00e1nica en la<br>infraestructura portuaria de la regi\u00f3n.<br>En Punta Arenas la titular del SEP sostuvo un encuentro con el directorio de la<br>Empresa Portuaria Austral, encabezado por su presidente, Gabriel Aldoney, quien<br>junto a ejecutivos de la EPAUSTRAL le entregaron detalles de los proyectos que<br>forman parte de la cartera estrat\u00e9gica de la compa\u00f1\u00eda para mejorar la infraestructura<br>portuaria de Magallanes: \u201c(Me voy) con una gran satisfacci\u00f3n de ver c\u00f3mo se ha<br>logrado superar un mont\u00f3n de desaf\u00edos que ten\u00eda la empresa\u201d.<br>La presidenta del SEP tambi\u00e9n recorri\u00f3 las instalaciones del Terminal Arturo Prat y<br>del Terminal Jos\u00e9 de los Santos Mardones, donde constat\u00f3 en terreno el avance de<br>los proyectos de ampliaci\u00f3n del muelle Prat y del reforzamiento de losa del muelle<br>Mardones, respectivamente. Sobre este \u00faltimo, resalt\u00f3 que el proceso de instalaci\u00f3n<br>de vigas para fortalecer la estructura sea \u201cuna maniobra muy significa y novedosa<br>en t\u00e9rminos constructivos. Adicionalmente se manten\u00eda la operaci\u00f3n del muelle lo<br>cual da cuenta del dinamismo de este puerto\u201d.<br>Por otro lado, mediante un registro audiovisual conoci\u00f3 en detalle el movimiento de<br>aerogeneradores ocurrido en el Terminal Mardones y la Rampa Tres Puentes entre<br>junio y julio, destinados a un proyecto de parque e\u00f3lico de Total Energies, en la<br>parte argentina de Tierra del Fuego, que a su juicio \u201cpermitieron demostrar que no<br>solo es factible sino que (Mardones) es una infraestructura esencial para la industria<br>de la energ\u00eda (\u2026) y que la EPAUSTRAL est\u00e1 m\u00e1s que preparada\u201d para este tipo de<br>operaciones.<br>Convenio de Programaci\u00f3n in\u00e9dito<br>La agenda de la autoridad del SEP tambi\u00e9n contempl\u00f3 un encuentro con el<br>Gobernador Regional de Magallanes, Jorge Flies, instancia en la cual destac\u00f3 el<br>trabajo pionero de esta entidad respecto al Convenio de Programaci\u00f3n firmado con<br>la EPAUSTRAL para cofinanciar proyectos de mejora en infraestructura en Prat y<br>Mardones.<br>\u201cEra muy importante que nuestro Gobernador nos recibiera con la presidenta del<br>SEP para que se tuviera la impresi\u00f3n de que, (si bien) esta es una iniciativa que<br>tiene el sello del Gobierno central, tambi\u00e9n y muy principalmente (destacar) el apoyo<\/p>\n\n\n\n<p>que hemos recibido del Gobierno Regional, de los consejeros regionales y del<br>Gobernador. Era importante transmitirle al SEP que esta no es una iniciativa<br>exclusiva de nuestra empresa sino que tiene que ver con lo que son las<br>aspiraciones de la regi\u00f3n\u201d.<br>Por su parte, el Gobernador Regional de Magallanes resalt\u00f3 la conversaci\u00f3n en<br>torno a este Convenio de Programaci\u00f3n que est\u00e1 siendo \u201cmuy exitoso\u201d y que es \u201cel<br>primero y \u00fanico a nivel nacional. Hoy est\u00e1n repitiendo esa formulaci\u00f3n en Ays\u00e9n y<br>en otras regiones, y va a significar multiplicar varias veces la inversi\u00f3n hist\u00f3rica que<br>ha hecho la empresa portuaria ac\u00e1 en la regi\u00f3n\u201d.<\/p>\n","protected":false},"excerpt":{"rendered":"<p>Con el objetivo de conocer en terreno el trabajo que se desarrolla en los puertos dela Regi\u00f3n de Magallanes, la presidenta del Sistema de Empresas P\u00fablicas (SEP),Paulina Soriano, visit\u00f3 las&#8230; <a class=\"read-more\" href=\"https:\/\/www.radiopresidenteibanez.cl\/web\/en-visita-a-magallanes-presidenta-del-sistema-de-empresas-publicas-destaca-avance-en-proyectos-estrategicos-de-la-empresa-portuaria-austral\/\">Leer m\u00e1s<\/a><\/p>\n","protected":false},"author":2,"featured_media":58281,"comment_status":"closed","ping_status":"closed","sticky":false,"template":"","format":"standard","meta":{"footnotes":""},"categories":[1],"tags":[],"class_list":["post-58280","post","type-post","status-publish","format-standard","has-post-thumbnail","hentry","category-cronica"],"_links":{"self":[{"href":"https:\/\/www.radiopresidenteibanez.cl\/web\/wp-json\/wp\/v2\/posts\/58280","targetHints":{"allow":["GET"]}}],"collection":[{"href":"https:\/\/www.radiopresidenteibanez.cl\/web\/wp-json\/wp\/v2\/posts"}],"about":[{"href":"https:\/\/www.radiopresidenteibanez.cl\/web\/wp-json\/wp\/v2\/types\/post"}],"author":[{"embeddable":true,"href":"https:\/\/www.radiopresidenteibanez.cl\/web\/wp-json\/wp\/v2\/users\/2"}],"replies":[{"embeddable":true,"href":"https:\/\/www.radiopresidenteibanez.cl\/web\/wp-json\/wp\/v2\/comments?post=58280"}],"version-history":[{"count":0,"href":"https:\/\/www.radiopresidenteibanez.cl\/web\/wp-json\/wp\/v2\/posts\/58280\/revisions"}],"wp:featuredmedia":[{"embeddable":true,"href":"https:\/\/www.radiopresidenteibanez.cl\/web\/wp-json\/wp\/v2\/media\/58281"}],"wp:attachment":[{"href":"https:\/\/www.radiopresidenteibanez.cl\/web\/wp-json\/wp\/v2\/media?parent=58280"}],"wp:term":[{"taxonomy":"category","embeddable":true,"href":"https:\/\/www.radiopresidenteibanez.cl\/web\/wp-json\/wp\/v2\/categories?post=58280"},{"taxonomy":"post_tag","embeddable":true,"href":"https:\/\/www.radiopresidenteibanez.cl\/web\/wp-json\/wp\/v2\/tags?post=58280"}],"curies":[{"name":"wp","href":"https:\/\/api.w.org\/{rel}","templated":true}]}}