{"id":58277,"date":"2025-08-14T14:40:00","date_gmt":"2025-08-14T17:40:00","guid":{"rendered":"https:\/\/www.radiopresidenteibanez.cl\/web\/?p=58277"},"modified":"2025-08-14T10:48:14","modified_gmt":"2025-08-14T13:48:14","slug":"cned-destaca-avances-en-calidad-y-pertinencia-educativa-del-cft-de-magallanes","status":"publish","type":"post","link":"https:\/\/www.radiopresidenteibanez.cl\/web\/cned-destaca-avances-en-calidad-y-pertinencia-educativa-del-cft-de-magallanes\/","title":{"rendered":"CNED destaca avances en calidad y pertinencia educativa del CFT de Magallanes"},"content":{"rendered":"\n<p>En el marco del proceso de acompa\u00f1amiento a los Centros de Formaci\u00f3n T\u00e9cnica<br>Estatales del pa\u00eds, representantes del Consejo Nacional de Educaci\u00f3n (CNED) visitaron el<br>CFT de Magallanes y la Ant\u00e1rtica Chilena para sostener reuniones con estudiantes,<br>docentes, autoridades, representantes de la educaci\u00f3n EMTP, empleadores, y diversos<br>actores que contribuyen a la formaci\u00f3n de t\u00e9cnicos profesionales en la regi\u00f3n.<br>Combinando sesiones presenciales y virtuales, entre el 28 de julio y el 1 de agosto, las<br>pares evaluadoras de la CNED supervisaron los avances de los mecanismos internos de<br>aseguramiento de la calidad, gesti\u00f3n estrat\u00e9gica y procesos formativos, visitando adem\u00e1s<br>las oficinas administrativas en Punta Arenas y la sede Porvenir, como parte de las<br>funciones de supervigilancia del CNED sobre los 15 Centros de Formaci\u00f3n T\u00e9cnica<br>estatales, creados por ley desde 2016.<br>Respecto a la visita, la secretaria ejecutiva de CNED, Anely Ramirez, destac\u00f3 la<br>importancia de conocer el CFT m\u00e1s austral del pa\u00eds, que brinda posibilidades formativas<br>de calidad y con pertinencia local. La profesional mencion\u00f3 que, \u201ctras la visita pudimos<br>reconocer c\u00f3mo el CFT de Magallanes est\u00e1 posicionado en la comunidad cono un<br>referente de formaci\u00f3n. A\u00fan quedan desaf\u00edos, pero el equipo local es conciente de esto y<br>estamos seguros que seguir\u00e1n trabajando por una mejora cont\u00ednua, como lo han hecho<br>hasta ahora\u201d, detall\u00f3.<br>Valeria Gallardo, rectora del CFT de Magallanes, se\u00f1al\u00f3 tambi\u00e9n que este proceso de<br>acompa\u00f1amiento permite revisar los avances institucionales, identificar fortalezas y<br>oportunidades de mejora, y reforzar el compromiso de la instituci\u00f3n con una educaci\u00f3n<br>t\u00e9cnico-profesional de excelencia, equitativa y alineada con las demandas locales. \u201cDesde<br>su conocimiento y las indicaciones que nos entregaron, podemos seguir mejorando para<br>nuestros y nuestras estudiantes, y seguir siendo un aporte para la comunidad\u201d, indic\u00f3 la<br>autoridad acad\u00e9mica, recordando, adem\u00e1s, que, para el pr\u00f3ximo a\u00f1o, el CFT contar\u00e1 con<br>una nueva sede en Puerto Natales.<br>En esta cuarta visita de CNED, se destacaron los altos est\u00e1ndares de las instalaciones de<br>la sede Porvenir, donde adem\u00e1s se evidencia un sello territorial, que rescata la esencia<br>del Pueblo Selknam en el dise\u00f1o e infraestructura. Asimismo, se puso en valor la<br>habilitaci\u00f3n de lugares como el punto lector, sala de lactancia y espacios que apuntan a la<br>integralidad de los futuros T\u00e9cnicos de Nivel Superior (TNS) formados en tierras<br>fueguinas.<br>Opinar para crecer<br>Nicol\u00e1s Almonacid, alumno de la carrera de TNS en Construcci\u00f3n Sustentable, se mostr\u00f3<br>muy complacido con la posibilidad de conversar con las pares evaluadoras de la CNED,<br>\u201cque se tome en consideraci\u00f3n nuestra opini\u00f3n es un acierto, ya que como usuarios<br>tenemos mucha informaci\u00f3n que le permitir\u00e1 al CFT seguir mejorando, reconociendo los<br>desaf\u00edos que se deben mejorar, pero siempre con la mirada en llegar a la calidad y<br>excelencia educativa que se merecen los habitante de Porvenir y que eso sea un legado<br>para los estudiantes que en el futuro formen parte de la instituci\u00f3n\u201d, dijo el joven.<\/p>\n\n\n\n<p>De igual forma, Claudia Massa, docente en las carreras de TENS y TNS en P\u00e1rvulo<br>menci\u00f3n Inclusi\u00f3n, se\u00f1al\u00f3 que el camino a la calidad \u201cdebe considerar todas las miradas,<br>por eso este di\u00e1logo permitira contribuir a mejorar y enriquecer las condiciones y<br>herramientas disponibles para los futuros docentes, lo que sin duda tendr\u00e1 un impacto<br>positivo en el aprendizaje de los futuros profesionales que efresen del CFT\u201d, se\u00f1al\u00f3 la<br>integrantes del cuerpo docente.<\/p>\n","protected":false},"excerpt":{"rendered":"<p>En el marco del proceso de acompa\u00f1amiento a los Centros de Formaci\u00f3n T\u00e9cnicaEstatales del pa\u00eds, representantes del Consejo Nacional de Educaci\u00f3n (CNED) visitaron elCFT de Magallanes y la Ant\u00e1rtica Chilena&#8230; <a class=\"read-more\" href=\"https:\/\/www.radiopresidenteibanez.cl\/web\/cned-destaca-avances-en-calidad-y-pertinencia-educativa-del-cft-de-magallanes\/\">Leer m\u00e1s<\/a><\/p>\n","protected":false},"author":2,"featured_media":58278,"comment_status":"closed","ping_status":"closed","sticky":false,"template":"","format":"standard","meta":{"footnotes":""},"categories":[1],"tags":[],"class_list":["post-58277","post","type-post","status-publish","format-standard","has-post-thumbnail","hentry","category-cronica"],"_links":{"self":[{"href":"https:\/\/www.radiopresidenteibanez.cl\/web\/wp-json\/wp\/v2\/posts\/58277","targetHints":{"allow":["GET"]}}],"collection":[{"href":"https:\/\/www.radiopresidenteibanez.cl\/web\/wp-json\/wp\/v2\/posts"}],"about":[{"href":"https:\/\/www.radiopresidenteibanez.cl\/web\/wp-json\/wp\/v2\/types\/post"}],"author":[{"embeddable":true,"href":"https:\/\/www.radiopresidenteibanez.cl\/web\/wp-json\/wp\/v2\/users\/2"}],"replies":[{"embeddable":true,"href":"https:\/\/www.radiopresidenteibanez.cl\/web\/wp-json\/wp\/v2\/comments?post=58277"}],"version-history":[{"count":0,"href":"https:\/\/www.radiopresidenteibanez.cl\/web\/wp-json\/wp\/v2\/posts\/58277\/revisions"}],"wp:featuredmedia":[{"embeddable":true,"href":"https:\/\/www.radiopresidenteibanez.cl\/web\/wp-json\/wp\/v2\/media\/58278"}],"wp:attachment":[{"href":"https:\/\/www.radiopresidenteibanez.cl\/web\/wp-json\/wp\/v2\/media?parent=58277"}],"wp:term":[{"taxonomy":"category","embeddable":true,"href":"https:\/\/www.radiopresidenteibanez.cl\/web\/wp-json\/wp\/v2\/categories?post=58277"},{"taxonomy":"post_tag","embeddable":true,"href":"https:\/\/www.radiopresidenteibanez.cl\/web\/wp-json\/wp\/v2\/tags?post=58277"}],"curies":[{"name":"wp","href":"https:\/\/api.w.org\/{rel}","templated":true}]}}