{"id":58274,"date":"2025-08-14T12:55:00","date_gmt":"2025-08-14T15:55:00","guid":{"rendered":"https:\/\/www.radiopresidenteibanez.cl\/web\/?p=58274"},"modified":"2025-08-14T10:38:49","modified_gmt":"2025-08-14T13:38:49","slug":"seminario-sobre-la-nueva-reglamentacion-termica-convoco-a-mas-de-100-participantes","status":"publish","type":"post","link":"https:\/\/www.radiopresidenteibanez.cl\/web\/seminario-sobre-la-nueva-reglamentacion-termica-convoco-a-mas-de-100-participantes\/","title":{"rendered":"Seminario sobre la nueva Reglamentaci\u00f3n T\u00e9rmica convoc\u00f3 a m\u00e1s de 100 participantes"},"content":{"rendered":"\n<p>M\u00e1s de cien personas asistieron al Seminario \u201cReglamentaci\u00f3n T\u00e9rmica y Soluciones Constructivas\u201d, evento organizado por la C\u00e1mara Chilena de la Construcci\u00f3n (CChC) Magallanes y la Delegaci\u00f3n Zonal Austral del Colegio de Arquitectos de Chile. En la instancia se analizaron las nuevas exigencias incorporadas en la actualizaci\u00f3n del art\u00edculo 4.1.10 de la Ordenanza General de Urbanismo y Construcci\u00f3n.<\/p>\n\n\n\n<p>\u201cEste cambio normativo implica construir con mayor detalle y precisi\u00f3n, comprendiendo c\u00f3mo cada componente de la vivienda influye en su desempe\u00f1o t\u00e9rmico. No se trata solo de cumplir con una exigencia legal: el objetivo es mejorar el confort t\u00e9rmico y reducir el gasto en calefacci\u00f3n, algo fundamental en una regi\u00f3n como la nuestra. A esto se suma la Calificaci\u00f3n Energ\u00e9tica de Vivienda, que ahora ser\u00e1 obligatoria, junto con la aplicaci\u00f3n pr\u00e1ctica de la reglamentaci\u00f3n: exigencias constructivas concretas. El principal desaf\u00edo para las empresas del sector es tener claridad sobre qu\u00e9 soluciones podemos ofrecer hoy y qu\u00e9 debemos ajustar o mejorar. Este seminario cumpli\u00f3 su prop\u00f3sito: entregar informaci\u00f3n clara, actualizada y \u00fatil para quienes participan en el dise\u00f1o, especificaci\u00f3n, ejecuci\u00f3n y suministro de materiales para viviendas\u201d, explic\u00f3 Jos\u00e9 Carlos Oyarz\u00fan, presidente del Comit\u00e9 de Suministros y Especialidades de la CChC Magallanes.<\/p>\n\n\n\n<p>El seminario ofreci\u00f3 una bajada pr\u00e1ctica que permiti\u00f3 a los profesionales del sector comprender de forma did\u00e1ctica y aplicada los alcances de la normativa, la cual entrar\u00e1 en vigencia el pr\u00f3ximo 28 de noviembre. La jornada permiti\u00f3 actualizar conocimientos y prepararse para los nuevos desaf\u00edos normativos en materia de eficiencia energ\u00e9tica y construcci\u00f3n sustentable.<\/p>\n\n\n\n<p>\u201cCon esta nueva reglamentaci\u00f3n se producir\u00e1 un cambio significativo y altamente beneficioso para la calidad de vida de nuestras comunidades. La normativa t\u00e9rmica presentaba muchas deficiencias, y esta actualizaci\u00f3n viene a resolverlas mediante nuevas exigencias de hermeticidad, ventilaci\u00f3n y mejoras en la reglamentaci\u00f3n. Evidentemente, esto tendr\u00e1 un impacto en los costos, pero los beneficios ser\u00e1n importantes, especialmente en lo que respecta a la calidad del ambiente interior de las viviendas. Habitualmente atribuimos los problemas de eficiencia energ\u00e9tica a la construcci\u00f3n \u2014mejorar paneles, vidrios, aislamiento t\u00e9rmico\u2014, pero gran parte de la soluci\u00f3n comienza en el dise\u00f1o\u201d, se\u00f1al\u00f3 C\u00e9sar Alvial, presidente del Colegio de Arquitectos de Magallanes.<\/p>\n\n\n\n<p>La actividad cont\u00f3 con la destacada participaci\u00f3n del expositor nacional Gonzalo Mut, Gerente Comercial de Pasiva, quien present\u00f3 la charla \u201cNueva Normativa T\u00e9rmica y Obligatoriedad de la Calificaci\u00f3n Energ\u00e9tica de Viviendas\u201d.<\/p>\n\n\n\n<p>Durante su exposici\u00f3n, Mut explic\u00f3 que uno de los principales cambios que introduce la normativa est\u00e1 relacionado con la aislaci\u00f3n t\u00e9rmica de los muros: \u201cLas exigencias en este aspecto \u2014especialmente para zonas extremas como Magallanes\u2014 pr\u00e1cticamente se duplican. Otra consideraci\u00f3n importante es la regulaci\u00f3n de las superficies vidriadas, que depender\u00e1n de la orientaci\u00f3n de la vivienda y del tipo de cristal que se utilice, como el doble vidriado herm\u00e9tico o termopanel, adem\u00e1s del tipo de marco que se incorpore\u201d.<\/p>\n\n\n\n<p>Mut tambi\u00e9n destac\u00f3 c\u00f3mo estos cambios se relacionan con la Calificaci\u00f3n Energ\u00e9tica de Viviendas, que ahora ser\u00e1 obligatoria: \u201cToda esta normativa repercutir\u00e1 directamente en la calificaci\u00f3n energ\u00e9tica que obtendr\u00e1n las viviendas. En Magallanes, por ejemplo, puede que no se perciban tantos cambios radicales, ya que en la regi\u00f3n existe una mayor costumbre de trabajar bajo los est\u00e1ndares de los Programas de Descontaminaci\u00f3n Atmosf\u00e9rica (PDA). La normativa t\u00e9rmica se acopla bastante bien a esas exigencias, por lo que el sector construcci\u00f3n en Punta Arenas ya tiene experiencia en estas materias\u201d.<\/p>\n\n\n\n<p>El Seminario tambi\u00e9n cont\u00f3 con presentaciones de soluciones constructivas reales y buenas pr\u00e1cticas implementadas a nivel nacional y presentaci\u00f3n de productos acorde. En esa l\u00ednea se present\u00f3 Francisco Mart\u00ednez, Jefe de Actividad E.I.F.S. y Fachadas en&nbsp;<em>Weber Saint-Gobain<\/em>, quien present\u00f3&nbsp;<em>\u201cTercera Etapa de Normativa T\u00e9rmica y Aporte del EIFS de Weber\u201d<\/em>; y Felipe Rojas, Dise\u00f1ador Industrial y AEC Specification Chile en&nbsp;<em>Owens Corning<\/em>, con la ponencia&nbsp;<em>\u201cPortafolio de Productos Owens Corning\u201d<\/em>.<\/p>\n\n\n\n<p>La actividad se desarroll\u00f3 en dos jornadas, una en la ma\u00f1ana y otra en la tarde, permitiendo la participaci\u00f3n de un p\u00fablico diverso compuesto por constructores, arquitectos, profesionales del rubro y estudiantes del \u00e1rea de la construcci\u00f3n. La convocatoria fue alta en ambos horarios.<\/p>\n\n\n\n<p>Mar\u00eda Alicia Aguilar, analista de proyectos de eficiencia energ\u00e9tica de la Seremi de Energ\u00eda de Magallanes, destac\u00f3 los beneficios concretos que traer\u00e1 la implementaci\u00f3n de la nueva reglamentaci\u00f3n: \u201cTendremos viviendas que funcionar\u00e1n mejor en t\u00e9rminos energ\u00e9ticos. La nueva normativa t\u00e9rmica y el sistema de Calificaci\u00f3n Energ\u00e9tica de Viviendas permitir\u00e1n que las familias conozcan el desempe\u00f1o energ\u00e9tico de sus hogares y, adem\u00e1s, puedan tomar decisiones informadas al momento de comprar una vivienda. El gran desaf\u00edo est\u00e1 en transmitir la importancia de estos cambios a los futuros propietarios. Esta transformaci\u00f3n no solo mejorar\u00e1 la calidad de vida de las personas, sino que tambi\u00e9n se ver\u00e1 reflejada en sus bolsillos. Una mayor eficiencia energ\u00e9tica implica un menor consumo en calefacci\u00f3n \u2014clave en nuestra regi\u00f3n\u2014, lo que se traduce en un uso m\u00e1s responsable de la energ\u00eda y una reducci\u00f3n en los costos mensuales\u201d.<\/p>\n\n\n\n<p>Por su parte, Ignacio C\u00e1rcamo, estudiante de segundo a\u00f1o de Arquitectura de la Universidad de Magallanes (UMAG), valor\u00f3 la experiencia desde una perspectiva formativa: \u201cEs muy interesante comenzar a conocer la normativa t\u00e9rmica, entender los cambios que trae e ir adapt\u00e1ndose desde temprano a lo que viene en el futuro. La arquitectura influye profundamente en estos aspectos. Todos aspiramos a vivir en una vivienda c\u00f3moda y c\u00e1lida, y para lograrlo, el dise\u00f1o arquitect\u00f3nico, junto con los nuevos m\u00e9todos de aislamiento, son fundamentales\u201d.<\/p>\n","protected":false},"excerpt":{"rendered":"<p>M\u00e1s de cien personas asistieron al Seminario \u201cReglamentaci\u00f3n T\u00e9rmica y Soluciones Constructivas\u201d, evento organizado por la C\u00e1mara Chilena de la Construcci\u00f3n (CChC) Magallanes y la Delegaci\u00f3n Zonal Austral del Colegio&#8230; <a class=\"read-more\" href=\"https:\/\/www.radiopresidenteibanez.cl\/web\/seminario-sobre-la-nueva-reglamentacion-termica-convoco-a-mas-de-100-participantes\/\">Leer m\u00e1s<\/a><\/p>\n","protected":false},"author":2,"featured_media":58275,"comment_status":"closed","ping_status":"closed","sticky":false,"template":"","format":"standard","meta":{"footnotes":""},"categories":[1],"tags":[],"class_list":["post-58274","post","type-post","status-publish","format-standard","has-post-thumbnail","hentry","category-cronica"],"_links":{"self":[{"href":"https:\/\/www.radiopresidenteibanez.cl\/web\/wp-json\/wp\/v2\/posts\/58274","targetHints":{"allow":["GET"]}}],"collection":[{"href":"https:\/\/www.radiopresidenteibanez.cl\/web\/wp-json\/wp\/v2\/posts"}],"about":[{"href":"https:\/\/www.radiopresidenteibanez.cl\/web\/wp-json\/wp\/v2\/types\/post"}],"author":[{"embeddable":true,"href":"https:\/\/www.radiopresidenteibanez.cl\/web\/wp-json\/wp\/v2\/users\/2"}],"replies":[{"embeddable":true,"href":"https:\/\/www.radiopresidenteibanez.cl\/web\/wp-json\/wp\/v2\/comments?post=58274"}],"version-history":[{"count":0,"href":"https:\/\/www.radiopresidenteibanez.cl\/web\/wp-json\/wp\/v2\/posts\/58274\/revisions"}],"wp:featuredmedia":[{"embeddable":true,"href":"https:\/\/www.radiopresidenteibanez.cl\/web\/wp-json\/wp\/v2\/media\/58275"}],"wp:attachment":[{"href":"https:\/\/www.radiopresidenteibanez.cl\/web\/wp-json\/wp\/v2\/media?parent=58274"}],"wp:term":[{"taxonomy":"category","embeddable":true,"href":"https:\/\/www.radiopresidenteibanez.cl\/web\/wp-json\/wp\/v2\/categories?post=58274"},{"taxonomy":"post_tag","embeddable":true,"href":"https:\/\/www.radiopresidenteibanez.cl\/web\/wp-json\/wp\/v2\/tags?post=58274"}],"curies":[{"name":"wp","href":"https:\/\/api.w.org\/{rel}","templated":true}]}}