{"id":58271,"date":"2025-08-14T10:53:00","date_gmt":"2025-08-14T13:53:00","guid":{"rendered":"https:\/\/www.radiopresidenteibanez.cl\/web\/?p=58271"},"modified":"2025-08-14T09:56:40","modified_gmt":"2025-08-14T12:56:40","slug":"aumenta-a-62-positividad-de-virus-respiratorios-en-la-region-y-autoridades-llaman-a-la-poblacion-a-intensificar-medidas-de-autocuidado","status":"publish","type":"post","link":"https:\/\/www.radiopresidenteibanez.cl\/web\/aumenta-a-62-positividad-de-virus-respiratorios-en-la-region-y-autoridades-llaman-a-la-poblacion-a-intensificar-medidas-de-autocuidado\/","title":{"rendered":"AUMENTA A 62% POSITIVIDAD DE VIRUS RESPIRATORIOS EN LA REGI\u00d3N Y AUTORIDADES LLAMAN A LA POBLACI\u00d3N A INTENSIFICAR MEDIDAS DE AUTOCUIDADO"},"content":{"rendered":"\n<p>Debido al sostenido incremento en la circulaci\u00f3n de virus respiratorios en la regi\u00f3n, autoridades del sector salud y representantes de la Atenci\u00f3n Primaria, realizaron una visita a la Sala IRA y ERA del CESFAM Carlos Ib\u00e1\u00f1ez para informar sobre la situaci\u00f3n epidemiol\u00f3gica, entregar recomendaciones preventivas y detallar el funcionamiento de la red asistencial durante la Campa\u00f1a Invierno.<br>De acuerdo a la vigilancia regional de enfermedades respiratorias correspondiente a la semana<br>epidemiol\u00f3gica N\u00b032 (2 al 9 de agosto), la positividad a virus respiratorios en los laboratorios centinela alcanz\u00f3 un 62,5% (la semana anterior fue de 42,4%). Predomin\u00f3 la circulaci\u00f3n del Virus Respiratorio Sincicial (40%), Rinovirus (37,3%), Sars-CoV-2 (6,7%), Adenovirus (6%), Metapneumovirus (4,7%), Influenza A (3,3%) y Parainfluenza (2%).<br>La Seremi de Salud, Dra. Lidia Amarales, inform\u00f3 que la regi\u00f3n presenta un alza sostenida en la<br>circulaci\u00f3n de virus respiratorios. \u201cClaramente seguimos en ascenso, y es por eso que para nosotros es una preocupaci\u00f3n. Tenemos que hacer que la poblaci\u00f3n conozca esta situaci\u00f3n, indicando las acciones que desarrolla el sector salud y reforzando las medidas de prevenci\u00f3n\u201d, se\u00f1al\u00f3. Explic\u00f3 que los grupos m\u00e1s afectados son los ni\u00f1os menores de 4 a\u00f1os y las personas mayores de 60, por ser m\u00e1s susceptibles y presentar mayor riesgo de complicaciones. Detall\u00f3 que, en relaci\u00f3n con la circulaci\u00f3n viral, cerca del 50% lo representa el virus sincicial respiratorio, y en segundo lugar, rinovirus, causante del resfr\u00edo com\u00fan.<br>Ante este escenario, reiter\u00f3 el llamado a intensificar las medidas preventivas, destacando en primer<br>lugar la vacunaci\u00f3n contra la influenza. \u201cTodav\u00eda tenemos coberturas m\u00e1s bajas en ni\u00f1os menores de 14 a\u00f1os y adultos mayores, no as\u00ed en personas con enfermedades cr\u00f3nicas, donde pr\u00e1cticamente llegamos al 100%\u201d, indic\u00f3. Tambi\u00e9n pidi\u00f3 reducir la participaci\u00f3n en aglomeraciones, tanto en espacios cerrados como abiertos, y evitar que ni\u00f1os menores de 1 a\u00f1o asistan a cumplea\u00f1os, centros comerciales o lugares con alta concentraci\u00f3n de personas.<br>La Seremi record\u00f3 la importancia del lavado frecuente de manos y el uso de mascarilla en personas con s\u00edntomas para evitar contagios. En este sentido, valor\u00f3 los avances logrados con la incorporaci\u00f3n del anticuerpo monoclonal Nirsevimab: \u201cComo pediatra y broncopulmonar vi muchos casos graves y muertes por virus sincicial en menores de un a\u00f1o. Gracias a esta inmunizaci\u00f3n, el a\u00f1o pasado y este a\u00f1o no hemos tenido fallecimientos por VRS en lactantes por esta causa en Chile\u201d.<\/p>\n\n\n\n<p>En cuanto a la demanda asistencial, el porcentaje de consultas de urgencia por causas respiratorias<br>alcanz\u00f3 un 33,1% del total, con mayor proporci\u00f3n en ni\u00f1os de 0 a 4 a\u00f1os y en adultos mayores de 65.<br>Las hospitalizaciones por causas respiratorias se ubicaron en un 2,5%, levemente inferiores a la<br>semana anterior (4,6%).<br>Refuerzo de la red asistencial<br>La directora del Servicio de Salud Magallanes, Ver\u00f3nica Y\u00e1\u00f1ez, coment\u00f3 que es contexto de Campa\u00f1a de Invierno, \u201ces importante mencionar que como todos los a\u00f1os es un esfuerzo por parte del Ministerio de Salud, el cual se canaliza a trav\u00e9s de los Servicios y de la Red Asistencial para reforzar todos los establecimientos de la red. Porque sabemos que se necesita m\u00e1s recurso humano para atenci\u00f3n, por lo tanto, hemos reforzado con m\u00e1s de $300 millones, tanto en hospitales y atenci\u00f3n primaria, no tan solo en Punta Arenas, sino tambi\u00e9n a nivel provincial, reforzando con recurso humano, insumos o medicamentos que se requieran en atenci\u00f3n al aumento de la demanda estacional\u201d, puntualiz\u00f3.<br>Agregando la autoridad de salud que, el reforzamiento con recurso humano responde a diversas<br>estrategias como vacunaci\u00f3n intra y extramural, vigilancia centinela ETI, continuidad de la atenci\u00f3n en salas de salud respiratoria y seguimiento de usuarios post alta hospitalaria, atenci\u00f3n en SAPU, atenci\u00f3n de terapia respiratoria en domicilio y m\u00e9dicos para atenci\u00f3n de morbilidad respiratoria.<br>En tanto, la Directora del CESFAM Carlos Ib\u00e1\u00f1ez, Solange Pletikosic, explic\u00f3 que el establecimiento<br>cuenta con refuerzo de kinesi\u00f3logos en extensi\u00f3n horaria hasta las 20:00 horas, y que tambi\u00e9n dispone de kinesi\u00f3logos en el Servicio de Atenci\u00f3n Primaria de Urgencia (SAPU), con apoyo de lunes a viernes entre las 18:00 y las 21:00 horas, y los fines de semana de 10:00 a 15:00 horas.<br>Se realiz\u00f3 un llamado a la comunidad a utilizar de forma adecuada los servicios de urgencia. La<br>Directora del CESFAM indic\u00f3 que debido a la alta demanda, en algunos momentos ha sido necesario priorizar en la puerta de entrada a los pacientes con fiebre o dificultad respiratoria. \u201cPedimos que acudan s\u00f3lo en caso necesario, porque la prioridad en este momento son los ni\u00f1os y adultos mayores, que son quienes presentan mayor riesgo\u201d, indic\u00f3.<br>La kinesi\u00f3loga encargada de la Sala IRA, Victorina Valdez, se\u00f1al\u00f3 que \u201cen nuestra unidad atendemos lactantes, ni\u00f1os y adolescentes hasta los 19 a\u00f1os con cuadros agudos de infecciones respiratorias, adem\u00e1s de control de pacientes cr\u00f3nicos, como por ejemplo con asma. En casa, las medidas preventivas son las mismas que aprendimos en pandemia: si un adulto est\u00e1 enfermo, debe usar mascarilla para no contagiar y no debe visitar hogares donde viven bebes o ni\u00f1os peque\u00f1os; evitar el humo de tabaco dentro del hogar y mantener la higiene de manos. Si un ni\u00f1o escolar est\u00e1 enfermo, debe consultar y hacer uso de reposo en domicilio. Si se trata de un cuadro leve y est\u00e1 asistiendo al colegio, lo recomendable es que use mascarilla para proteger a sus compa\u00f1eros\u201d.<\/p>\n\n\n\n<p>Desde la Corporaci\u00f3n Municipal de Punta Arenas, el referente t\u00e9cnico Samuel Rubio explic\u00f3 que<br>\u201cmantenemos operativas las salas IRA y ERA de 8:00 a 20:00 horas y reforzamos los SAPU gracias a un convenio con el Servicio de Salud. Esto nos permite responder mejor a la demanda, pero la prevenci\u00f3n en el hogar sigue siendo clave. En Magallanes usamos mucha calefacci\u00f3n en espacios cerrados, lo que genera deshidrataci\u00f3n. Muchas veces tambi\u00e9n tenemos aumento y contagios dentro del mismo domicilio. Por eso insistimos en ventilar, mantener la higiene de manos y evitar el humo dentro del hogar\u201d.<\/p>\n\n\n\n<p><\/p>\n","protected":false},"excerpt":{"rendered":"<p>Debido al sostenido incremento en la circulaci\u00f3n de virus respiratorios en la regi\u00f3n, autoridades del sector salud y representantes de la Atenci\u00f3n Primaria, realizaron una visita a la Sala IRA&#8230; <a class=\"read-more\" href=\"https:\/\/www.radiopresidenteibanez.cl\/web\/aumenta-a-62-positividad-de-virus-respiratorios-en-la-region-y-autoridades-llaman-a-la-poblacion-a-intensificar-medidas-de-autocuidado\/\">Leer m\u00e1s<\/a><\/p>\n","protected":false},"author":2,"featured_media":58272,"comment_status":"closed","ping_status":"closed","sticky":false,"template":"","format":"standard","meta":{"footnotes":""},"categories":[1],"tags":[],"class_list":["post-58271","post","type-post","status-publish","format-standard","has-post-thumbnail","hentry","category-cronica"],"_links":{"self":[{"href":"https:\/\/www.radiopresidenteibanez.cl\/web\/wp-json\/wp\/v2\/posts\/58271","targetHints":{"allow":["GET"]}}],"collection":[{"href":"https:\/\/www.radiopresidenteibanez.cl\/web\/wp-json\/wp\/v2\/posts"}],"about":[{"href":"https:\/\/www.radiopresidenteibanez.cl\/web\/wp-json\/wp\/v2\/types\/post"}],"author":[{"embeddable":true,"href":"https:\/\/www.radiopresidenteibanez.cl\/web\/wp-json\/wp\/v2\/users\/2"}],"replies":[{"embeddable":true,"href":"https:\/\/www.radiopresidenteibanez.cl\/web\/wp-json\/wp\/v2\/comments?post=58271"}],"version-history":[{"count":0,"href":"https:\/\/www.radiopresidenteibanez.cl\/web\/wp-json\/wp\/v2\/posts\/58271\/revisions"}],"wp:featuredmedia":[{"embeddable":true,"href":"https:\/\/www.radiopresidenteibanez.cl\/web\/wp-json\/wp\/v2\/media\/58272"}],"wp:attachment":[{"href":"https:\/\/www.radiopresidenteibanez.cl\/web\/wp-json\/wp\/v2\/media?parent=58271"}],"wp:term":[{"taxonomy":"category","embeddable":true,"href":"https:\/\/www.radiopresidenteibanez.cl\/web\/wp-json\/wp\/v2\/categories?post=58271"},{"taxonomy":"post_tag","embeddable":true,"href":"https:\/\/www.radiopresidenteibanez.cl\/web\/wp-json\/wp\/v2\/tags?post=58271"}],"curies":[{"name":"wp","href":"https:\/\/api.w.org\/{rel}","templated":true}]}}