{"id":58268,"date":"2025-08-14T08:57:00","date_gmt":"2025-08-14T11:57:00","guid":{"rendered":"https:\/\/www.radiopresidenteibanez.cl\/web\/?p=58268"},"modified":"2025-08-14T08:20:00","modified_gmt":"2025-08-14T11:20:00","slug":"boletin-informativo-orbe-57","status":"publish","type":"post","link":"https:\/\/www.radiopresidenteibanez.cl\/web\/boletin-informativo-orbe-57\/","title":{"rendered":"BOLETIN INFORMATIVO ORBE"},"content":{"rendered":"\n<p>SANTIAGO.- El candidato presidencial del Partido Republicano,<br>Jos\u00e9 Antonio Kast, sali\u00f3 al paso de las cr\u00edticas por sus<br>declaraciones sobre el rol del Congreso. Tras reunirse con<br>representantes de la Confederaci\u00f3n para la Producci\u00f3n y el<br>Comercio, CPC, respondi\u00f3 al ministro del Interior, \u00c1lvaro<br>Elizalde, quien sostuvo que la frase de Kast sobre la<br>relevancia del Parlamento \u00abdeb\u00eda ser ratificada y<br>aclarada\u00bb.<\/p>\n\n\n\n<p>SANTIAGO.- Ante esto, dijo que \u00abcuando uno se postula a<br>presidente es para hacer el trabajo y yo le dir\u00eda al<br>gobierno: &#8216;hagan la pega, hagan el trabajo, las leyes<br>est\u00e1n'\u00bb. \u00abYo jam\u00e1s he dicho algo distinto a que voy a cumplir<br>la Constituci\u00f3n y las leyes. Fui parlamentario igual que<br>Elizalde, creo que \u00e9l tiene claro cuando existen campa\u00f1as de<br>desprestigio y de noticias falsas, de los cuales algunos se<br>toman para campa\u00f1as de desprestigio. Decirle al ministro haga<br>la pegae\u00bb, cerr\u00f3.<\/p>\n\n\n\n<p>SANTIAGO.- La abanderada presidencial del oficialismo y la<br>DC, Jeannette Jara, anunci\u00f3 que la pr\u00f3xima semana iniciar\u00e1<br>una gira por Chile para dar a conocer su programa y dialogar<br>con sectores no afines a su candidatura. La exministra tiene<br>contemplado comenzar su gira en la Regi\u00f3n de Valpara\u00edso y<br>luego movilizarse por 28 ciudades a lo largo del pa\u00eds; viaje<br>que va en l\u00ednea con su anuncio del martes, cuando comunic\u00f3<br>que restar\u00eda su participaci\u00f3n en los debates.<\/p>\n\n\n\n<p>SANTIAGO.- Jara a\u00f1adi\u00f3 que \u00abcreo que los foros son sumamente<br>importantes, pero hay una dificultad concreta: si seguimos de<br>foro en foro, la gente que est\u00e1 en las regiones, poblaciones<br>o comunas, no podr\u00e1 conocer nuestras propuestas\u00bb, argument\u00f3<br>Jara. \u00abAhora, los foros a los que se pueda seguir asistiendo<br>lo voy a hacer, pero cuando haya un problema, o voy a Punta<br>Arenas o voy a (el foro) Icare. Tengo la impresi\u00f3n de que es<br>mejor que vaya a Punta Arenas\u00bb, expres\u00f3.<\/p>\n\n\n\n<p>SANTIAGO.- La Federaci\u00f3n Regionalista Verde Social confirm\u00f3<br>la candidatura de Octavio Gonz\u00e1lez, ex fundador del Frente<br>Amplio, como diputado al distrito 6. Esto, tras haber roto la<br>alianza parlamentaria con el oficialismo, con el objetivo de<br>ir por su lista propia. Gonz\u00e1lez es ingeniero comercial y<br>economista, ha sido presidente del Partido Humanista y se<br>sindica como una figura clave en la articulaci\u00f3n del Frente<br>Amplio.<\/p>\n\n\n\n<p>SANTIAGO.- La senadora y presidenta del Partido Dem\u00f3crata,<br>Ximena Rinc\u00f3n, defendi\u00f3 la presunci\u00f3n de inocencia del<br>diputado Miguel \u00c1ngel Calisto y sus aspiraciones al Senado.<br>Cabe recordar que el parlamentario independiente fue<br>desaforado por la Corte de Apelaciones en el marco de una<br>investigaci\u00f3n por fraude al fisco, resoluci\u00f3n que apel\u00f3 ante<br>la Corte Suprema y se encuentra a la espera de la<br>definici\u00f3n.<\/p>\n\n\n\n<p>SANTIAGO.- Rinc\u00f3n sostuvo que \u00abestamos defendiendo la<br>presunci\u00f3n de inocencia, su derecho a defensa y que en su<br>car\u00e1cter de autoridad electa sea \u00fanicamente la ciudadan\u00eda de<br>la Regi\u00f3n de Ays\u00e9n, que le ha dado la m\u00e1s alta mayor\u00eda la que<br>decida si mantiene su confianza en \u00e9l\u00bb. \u00abEs un derecho<br>inalienable del diputado Calisto recibir el veredicto de la<br>justicia, luego de un debido proceso y el veredicto de la<br>ciudadan\u00eda en la elecci\u00f3n de noviembre\u00bb, manifest\u00f3 Rinc\u00f3n.<\/p>\n\n\n\n<p>SANTIAGO.- El ministro del Interior, \u00c1lvaro Elizalde, afirm\u00f3<br>enf\u00e1ticamente que \u00abla violencia no nos conduce a un pa\u00eds m\u00e1s<br>justo\u00bb. Esto, luego de una jornada de protestas en las<br>afueras del Liceo Jos\u00e9 Victorino Lastarria, en Providencia,<br>donde dos manifestantes resultaron heridos. \u00abChile ha sido<br>testigo de importantes movilizaciones estudiantiles que han<br>cambiado al pa\u00eds, pero siempre fundadas en la base de la<br>masividad y no de la violencia\u00bb, subray\u00f3.<\/p>\n\n\n\n<p>SANTIAGO.- En tanto, el ministro de Educaci\u00f3n, Nicol\u00e1s<br>Cataldo, conden\u00f3 al nuevo episodio de violencia registrado en<br>el Liceo Jos\u00e9 Victorino Lastarria, en Providencia.<br>\u00abCondenamos absolutamente todos los hechos de violencia que<br>se suscitan en el contexto educativo, particularmente en este<br>caso en el escolar, yo creo, y lo dije, no es un juego<br>manipular instrumentos incendiarios. Es un delito, de hecho.<br>Y son armas que tienen el potencial de quitarle a la vida a<br>una persona\u00bb, afirm\u00f3.<\/p>\n","protected":false},"excerpt":{"rendered":"<p>SANTIAGO.- El candidato presidencial del Partido Republicano,Jos\u00e9 Antonio Kast, sali\u00f3 al paso de las cr\u00edticas por susdeclaraciones sobre el rol del Congreso. Tras reunirse conrepresentantes de la Confederaci\u00f3n para la&#8230; <a class=\"read-more\" href=\"https:\/\/www.radiopresidenteibanez.cl\/web\/boletin-informativo-orbe-57\/\">Leer m\u00e1s<\/a><\/p>\n","protected":false},"author":2,"featured_media":58269,"comment_status":"closed","ping_status":"closed","sticky":false,"template":"","format":"standard","meta":{"footnotes":""},"categories":[1],"tags":[],"class_list":["post-58268","post","type-post","status-publish","format-standard","has-post-thumbnail","hentry","category-cronica"],"_links":{"self":[{"href":"https:\/\/www.radiopresidenteibanez.cl\/web\/wp-json\/wp\/v2\/posts\/58268","targetHints":{"allow":["GET"]}}],"collection":[{"href":"https:\/\/www.radiopresidenteibanez.cl\/web\/wp-json\/wp\/v2\/posts"}],"about":[{"href":"https:\/\/www.radiopresidenteibanez.cl\/web\/wp-json\/wp\/v2\/types\/post"}],"author":[{"embeddable":true,"href":"https:\/\/www.radiopresidenteibanez.cl\/web\/wp-json\/wp\/v2\/users\/2"}],"replies":[{"embeddable":true,"href":"https:\/\/www.radiopresidenteibanez.cl\/web\/wp-json\/wp\/v2\/comments?post=58268"}],"version-history":[{"count":0,"href":"https:\/\/www.radiopresidenteibanez.cl\/web\/wp-json\/wp\/v2\/posts\/58268\/revisions"}],"wp:featuredmedia":[{"embeddable":true,"href":"https:\/\/www.radiopresidenteibanez.cl\/web\/wp-json\/wp\/v2\/media\/58269"}],"wp:attachment":[{"href":"https:\/\/www.radiopresidenteibanez.cl\/web\/wp-json\/wp\/v2\/media?parent=58268"}],"wp:term":[{"taxonomy":"category","embeddable":true,"href":"https:\/\/www.radiopresidenteibanez.cl\/web\/wp-json\/wp\/v2\/categories?post=58268"},{"taxonomy":"post_tag","embeddable":true,"href":"https:\/\/www.radiopresidenteibanez.cl\/web\/wp-json\/wp\/v2\/tags?post=58268"}],"curies":[{"name":"wp","href":"https:\/\/api.w.org\/{rel}","templated":true}]}}