{"id":58265,"date":"2025-08-14T09:43:00","date_gmt":"2025-08-14T12:43:00","guid":{"rendered":"https:\/\/www.radiopresidenteibanez.cl\/web\/?p=58265"},"modified":"2025-08-14T08:07:21","modified_gmt":"2025-08-14T11:07:21","slug":"diputado-matheson-plantea-contratacion-diferenciada-para-urbanizacion-de-terrenos-y-construccion-de-viviendas","status":"publish","type":"post","link":"https:\/\/www.radiopresidenteibanez.cl\/web\/diputado-matheson-plantea-contratacion-diferenciada-para-urbanizacion-de-terrenos-y-construccion-de-viviendas\/","title":{"rendered":"Diputado Matheson plantea contrataci\u00f3n diferenciada para urbanizaci\u00f3n de terrenos y construcci\u00f3n de viviendas"},"content":{"rendered":"\n<p>Ante los cuestionamientos que han surgido por el alto precio de construcci\u00f3n del metro<br>cuadrado de viviendas sociales en la regi\u00f3n de Magallanes, el diputado Christian Matheson<br>sugiri\u00f3 la posibilidad de dividir las licitaciones de urbanizaci\u00f3n de terrenos y la<br>construcci\u00f3n de viviendas, contratando de forma separada dichas obras.<br>Para el legislador, el precio del metro cuadrado \u201cse ha vuelto una complicaci\u00f3n que debe<br>ser analizada, pues cada vez se est\u00e1n destinando m\u00e1s recursos para la ejecuci\u00f3n de<br>proyectos habitacionales que son importantes para el territorio y los habitantes de nuestra<br>regi\u00f3n, pero que significa dejar de priorizar otro tipo de obras, que tambi\u00e9n pueden tener un<br>alto impacto social y que permitir la generaci\u00f3n de nuevos empleos\u201d.<br>Si bien Matheson reconoci\u00f3 que separar los proyectos \u201cinicialmente podr\u00eda producir mayor<br>demora en la construcci\u00f3n, en el mediano y largo plazo tendr\u00eda un efecto positivo en cuanto<br>a una mayor participaci\u00f3n de empresas en las licitaciones de construcci\u00f3n de viviendas con<br>una consiguiente reducci\u00f3n de su precio final, lo que posibilitar\u00eda construir m\u00e1s casas con la<br>misma plata\u201d.<br>El diputado magall\u00e1nico agreg\u00f3 que \u201clo que el Gobierno Regional y el Ministerio de<br>Vivienda deben buscar, es tener una mayor eficiencia a la hora de avanzar en proyectos que<br>son financiados con recursos de todos los chilenos, aunque signifique mayor trabajo y<br>dedicaci\u00f3n. No basta el tener conversaciones con empresas que no est\u00e1n establecidas en la<br>Regi\u00f3n, sino primero se deben implementar medidas que sean atractivas para esas empresas<br>y le permitan competir a nivel regional, porque a la postre esto se traducir\u00eda tambi\u00e9n en una<br>mayor eficiencia en la ejecuci\u00f3n presupuestaria y la llegada de mayores recursos para el<br>a\u00f1o siguiente, con la consiguiente posibilidad de implementar mayor cantidad de<br>iniciativas, afectando positivamente sobre el empleo y las remuneraciones de los<br>trabajadores, robusteciendo de esta forma la econom\u00eda regional\u201d.<\/p>\n","protected":false},"excerpt":{"rendered":"<p>Ante los cuestionamientos que han surgido por el alto precio de construcci\u00f3n del metrocuadrado de viviendas sociales en la regi\u00f3n de Magallanes, el diputado Christian Mathesonsugiri\u00f3 la posibilidad de dividir&#8230; <a class=\"read-more\" href=\"https:\/\/www.radiopresidenteibanez.cl\/web\/diputado-matheson-plantea-contratacion-diferenciada-para-urbanizacion-de-terrenos-y-construccion-de-viviendas\/\">Leer m\u00e1s<\/a><\/p>\n","protected":false},"author":2,"featured_media":58266,"comment_status":"closed","ping_status":"closed","sticky":false,"template":"","format":"standard","meta":{"footnotes":""},"categories":[1],"tags":[],"class_list":["post-58265","post","type-post","status-publish","format-standard","has-post-thumbnail","hentry","category-cronica"],"_links":{"self":[{"href":"https:\/\/www.radiopresidenteibanez.cl\/web\/wp-json\/wp\/v2\/posts\/58265","targetHints":{"allow":["GET"]}}],"collection":[{"href":"https:\/\/www.radiopresidenteibanez.cl\/web\/wp-json\/wp\/v2\/posts"}],"about":[{"href":"https:\/\/www.radiopresidenteibanez.cl\/web\/wp-json\/wp\/v2\/types\/post"}],"author":[{"embeddable":true,"href":"https:\/\/www.radiopresidenteibanez.cl\/web\/wp-json\/wp\/v2\/users\/2"}],"replies":[{"embeddable":true,"href":"https:\/\/www.radiopresidenteibanez.cl\/web\/wp-json\/wp\/v2\/comments?post=58265"}],"version-history":[{"count":0,"href":"https:\/\/www.radiopresidenteibanez.cl\/web\/wp-json\/wp\/v2\/posts\/58265\/revisions"}],"wp:featuredmedia":[{"embeddable":true,"href":"https:\/\/www.radiopresidenteibanez.cl\/web\/wp-json\/wp\/v2\/media\/58266"}],"wp:attachment":[{"href":"https:\/\/www.radiopresidenteibanez.cl\/web\/wp-json\/wp\/v2\/media?parent=58265"}],"wp:term":[{"taxonomy":"category","embeddable":true,"href":"https:\/\/www.radiopresidenteibanez.cl\/web\/wp-json\/wp\/v2\/categories?post=58265"},{"taxonomy":"post_tag","embeddable":true,"href":"https:\/\/www.radiopresidenteibanez.cl\/web\/wp-json\/wp\/v2\/tags?post=58265"}],"curies":[{"name":"wp","href":"https:\/\/api.w.org\/{rel}","templated":true}]}}