{"id":58261,"date":"2025-08-14T08:03:34","date_gmt":"2025-08-14T11:03:34","guid":{"rendered":"https:\/\/www.radiopresidenteibanez.cl\/web\/?p=58261"},"modified":"2025-08-14T08:05:44","modified_gmt":"2025-08-14T11:05:44","slug":"vecinas-y-vecinos-de-rio-de-la-mano-valoran-inicio-de-pavimentacion-en-la-calle-arauco","status":"publish","type":"post","link":"https:\/\/www.radiopresidenteibanez.cl\/web\/vecinas-y-vecinos-de-rio-de-la-mano-valoran-inicio-de-pavimentacion-en-la-calle-arauco\/","title":{"rendered":"Vecinas y vecinos de R\u00edo de la Mano valoran inicio de pavimentaci\u00f3n en la calle Arauco"},"content":{"rendered":"\n<p>Esta ma\u00f1ana, el seremi de Vivienda y Urbanismo,&nbsp;<strong>Marco Uribe Saldivia<\/strong>, y el director (s) del Serviu,&nbsp;<strong>Omar Gonz\u00e1lez Asenjo<\/strong>, recorrieron junto a vecinas y vecinos las obras de pavimentaci\u00f3n de la calle Arauco, en el hist\u00f3rico barrio R\u00edo de la Mano de Punta Arenas.<\/p>\n\n\n\n<p>Estos trabajos se ejecutan en el marco del Llamado N\u00b0 33 del Programa de Pavimentos Participativos, que contempla una inversi\u00f3n hist\u00f3rica de m\u00e1s de 11 mil millones de pesos para obras en Punta Arenas, Primavera, Cabo de Hornos y, por primera vez, en la comuna de Timaukel.<\/p>\n\n\n\n<p>La pavimentaci\u00f3n de calle Arauco considera una inversi\u00f3n cercana a 154 millones de pesos&nbsp;e incluye 94 metros lineales de calzadas y aceras, obras de drenaje para aguas lluvias, muros de contenci\u00f3n, barandas met\u00e1licas, gradas y adaptaci\u00f3n de accesos vehiculares. Estas obras permitir\u00e1n mejorar la conectividad peatonal y vehicular en un tramo con alta complejidad topogr\u00e1fica.<\/p>\n\n\n\n<p>\u201cEstamos en una calle que no hab\u00eda sido intervenida. Esta es una inversi\u00f3n que nace desde la organizaci\u00f3n de los propios vecinos y es parte de un programa que ya est\u00e1 presente en tres de las cuatro provincias de nuestra regi\u00f3n, con obras que est\u00e1n mejorando barrios en zonas hist\u00f3ricamente postergadas\u201d, afirm\u00f3 el seremi Marco Uribe.<\/p>\n\n\n\n<p>Actualmente, las obras en Punta Arenas presentan un avance del 50%, mientras que a nivel regional el contrato, que tiene a cargo la constructora Salfa, alcanza un 30% de ejecuci\u00f3n. Se espera que todas las intervenciones finalicen en mayo de 2026.<\/p>\n\n\n\n<p>\u201cHoy se est\u00e1n ejecutando las obras con el est\u00e1ndar del programa, incluyendo drenes y accesos seguros. Este es un programa que parte desde los propios comit\u00e9s de pavimentaci\u00f3n y permite una mejora real en la calidad de vida de las familias\u201d, se\u00f1al\u00f3 el director (s) del Serviu, Omar Gonz\u00e1lez.<\/p>\n\n\n\n<p>Durante la visita, las y los vecinos destacaron el impacto que tendr\u00e1 la pavimentaci\u00f3n en su vida cotidiana, especialmente en t\u00e9rminos de seguridad, conectividad y condiciones de tr\u00e1nsito.<\/p>\n\n\n\n<p>\u201cSon muchos a\u00f1os esperando este proyecto. Lo agradecemos porque antes, con la escarcha y la vertiente que cruza la calle, era muy dif\u00edcil transitar, sobre todo para adultos mayores y en caso de emergencias\u201d, coment\u00f3&nbsp;<strong>Romina \u00c1lvarez<\/strong>, vecina del sector.<\/p>\n\n\n\n<p>Por su parte,&nbsp;<strong>Jos\u00e9 \u00c1lvarez Ruiz<\/strong>, tambi\u00e9n vecino del sector, agreg\u00f3: \u201cGolpeamos todas las puertas necesarias para lograr esto. Ha sido clave la buena comunicaci\u00f3n con quienes ejecutan la obra, porque aqu\u00ed no hay otra v\u00eda de salida. Todo se est\u00e1 haciendo con mucho cuidado y eso nos permite transitar con seguridad\u201d.<\/p>\n\n\n\n<p>Con m\u00e1s de 30 a\u00f1os de trayectoria, el Programa de Pavimentos Participativos ha permitido pavimentar m\u00e1s de 9 mil kil\u00f3metros en todo Chile, beneficiando a 5 millones de personas. En Magallanes, el Llamado N\u00b0 33 avanza con fuerza para consolidar una red vial m\u00e1s equitativa, accesible y segura en toda la regi\u00f3n.<\/p>\n","protected":false},"excerpt":{"rendered":"<p>Esta ma\u00f1ana, el seremi de Vivienda y Urbanismo,&nbsp;Marco Uribe Saldivia, y el director (s) del Serviu,&nbsp;Omar Gonz\u00e1lez Asenjo, recorrieron junto a vecinas y vecinos las obras de pavimentaci\u00f3n de la&#8230; <a class=\"read-more\" href=\"https:\/\/www.radiopresidenteibanez.cl\/web\/vecinas-y-vecinos-de-rio-de-la-mano-valoran-inicio-de-pavimentacion-en-la-calle-arauco\/\">Leer m\u00e1s<\/a><\/p>\n","protected":false},"author":2,"featured_media":58262,"comment_status":"closed","ping_status":"closed","sticky":false,"template":"","format":"standard","meta":{"footnotes":""},"categories":[1],"tags":[],"class_list":["post-58261","post","type-post","status-publish","format-standard","has-post-thumbnail","hentry","category-cronica"],"_links":{"self":[{"href":"https:\/\/www.radiopresidenteibanez.cl\/web\/wp-json\/wp\/v2\/posts\/58261","targetHints":{"allow":["GET"]}}],"collection":[{"href":"https:\/\/www.radiopresidenteibanez.cl\/web\/wp-json\/wp\/v2\/posts"}],"about":[{"href":"https:\/\/www.radiopresidenteibanez.cl\/web\/wp-json\/wp\/v2\/types\/post"}],"author":[{"embeddable":true,"href":"https:\/\/www.radiopresidenteibanez.cl\/web\/wp-json\/wp\/v2\/users\/2"}],"replies":[{"embeddable":true,"href":"https:\/\/www.radiopresidenteibanez.cl\/web\/wp-json\/wp\/v2\/comments?post=58261"}],"version-history":[{"count":0,"href":"https:\/\/www.radiopresidenteibanez.cl\/web\/wp-json\/wp\/v2\/posts\/58261\/revisions"}],"wp:featuredmedia":[{"embeddable":true,"href":"https:\/\/www.radiopresidenteibanez.cl\/web\/wp-json\/wp\/v2\/media\/58262"}],"wp:attachment":[{"href":"https:\/\/www.radiopresidenteibanez.cl\/web\/wp-json\/wp\/v2\/media?parent=58261"}],"wp:term":[{"taxonomy":"category","embeddable":true,"href":"https:\/\/www.radiopresidenteibanez.cl\/web\/wp-json\/wp\/v2\/categories?post=58261"},{"taxonomy":"post_tag","embeddable":true,"href":"https:\/\/www.radiopresidenteibanez.cl\/web\/wp-json\/wp\/v2\/tags?post=58261"}],"curies":[{"name":"wp","href":"https:\/\/api.w.org\/{rel}","templated":true}]}}