{"id":58258,"date":"2025-08-13T18:07:00","date_gmt":"2025-08-13T21:07:00","guid":{"rendered":"https:\/\/www.radiopresidenteibanez.cl\/web\/?p=58258"},"modified":"2025-08-13T15:55:33","modified_gmt":"2025-08-13T18:55:33","slug":"asumieron-los-coordinadores-de-oficinas-locales-del-slep-magallanes-en-porvenir-y-puerto-natales","status":"publish","type":"post","link":"https:\/\/www.radiopresidenteibanez.cl\/web\/asumieron-los-coordinadores-de-oficinas-locales-del-slep-magallanes-en-porvenir-y-puerto-natales\/","title":{"rendered":"Asumieron los coordinadores de oficinas locales del SLEP Magallanes en Porvenir y Puerto Natales"},"content":{"rendered":"\n<p>Atender las necesidades locales, gestionar respuestas oportunas y representar al<br>Servicio Local de Educaci\u00f3n P\u00fablica Magallanes ante sus comunidades son algunas<br>de las tareas de los coordinadores de las oficinas en Porvenir y Puerto Natales que<br>asumieron recientemente esas funciones tras resultar seleccionados mediante<br>concurso p\u00fablico.<br>Desde la Regi\u00f3n de La Araucan\u00eda se traslad\u00f3 a Porvenir el coordinador de la oficina<br>local en Tierra del Fuego, Juan Ram\u00f3n Castillo, ingeniero civil industrial con menci\u00f3n<br>en inform\u00e1tica y especializado en compras p\u00fablicas. Antes de asumir su cargo<br>trabajaba para la Junta Nacional de Jardines Infantiles en Temuco, donde se<br>desempe\u00f1\u00f3 en las \u00e1reas de recursos financieros, unidad de compras, seguimiento y<br>control y gesti\u00f3n de contratos y servicios generales.<br>\u201cQuiero potenciar la oficina para que sea conocida por la comunidad educativa de<br>Tierra del Fuego y tratar de generar una oficina que sea abierta y que podamos dar<br>soluci\u00f3n a los problemas\u201d, coment\u00f3 sobre sus desaf\u00edos en el puesto.<br>En Puerto Natales, en tanto, asumi\u00f3 como coordinador de la oficina local Sebasti\u00e1n<br>Fuentes, quien ya desempe\u00f1aba esas funciones de manera interina y tiene una larga<br>trayectoria vinculado a la educaci\u00f3n p\u00fablica en esa comuna.<br>\u201cAsumo ahora con mucha alegr\u00eda y a la vez responsabilidad, me alegra gratamente el<br>haber quedado en este puesto oficialmente ya que es por una parte un reconocimiento<br>al trabajo que se ha realizado y por otra es una entrega de confianza de parte del<br>Servicio al trabajo que se puede seguir realizando\u201d, indic\u00f3.<br>Agreg\u00f3 que \u201cnuestra fortaleza es que tenemos un excelente equipo que ha ayudado a<br>acercarnos a las comunidades educativas y establecer conexiones de manera local<br>para que sientan que el Servicio est\u00e1 con ellos, acompa\u00f1\u00e1ndolos en el territorio\u00bb<br>Fuentes trabaj\u00f3 desde el a\u00f1o 2009 en la Corporaci\u00f3n Municipal de Natales donde tuvo<br>las jefaturas de las \u00e1reas de remuneraciones y recursos humanos y el 2024 pas\u00f3 al<br>SLEP Magallanes como profesional de remuneraciones y encargado de la oficina<br>local.<br>Queda pendiente resolver el concurso p\u00fablico para designar al futuro coordinador de la<br>oficina local de Cabo de Hornos, proceso que est\u00e1 en pleno desarrollo y deber\u00eda llegar<br>a un resultado en los pr\u00f3ximos meses.<\/p>\n","protected":false},"excerpt":{"rendered":"<p>Atender las necesidades locales, gestionar respuestas oportunas y representar alServicio Local de Educaci\u00f3n P\u00fablica Magallanes ante sus comunidades son algunasde las tareas de los coordinadores de las oficinas en Porvenir&#8230; <a class=\"read-more\" href=\"https:\/\/www.radiopresidenteibanez.cl\/web\/asumieron-los-coordinadores-de-oficinas-locales-del-slep-magallanes-en-porvenir-y-puerto-natales\/\">Leer m\u00e1s<\/a><\/p>\n","protected":false},"author":2,"featured_media":58259,"comment_status":"closed","ping_status":"closed","sticky":false,"template":"","format":"standard","meta":{"footnotes":""},"categories":[1],"tags":[],"class_list":["post-58258","post","type-post","status-publish","format-standard","has-post-thumbnail","hentry","category-cronica"],"_links":{"self":[{"href":"https:\/\/www.radiopresidenteibanez.cl\/web\/wp-json\/wp\/v2\/posts\/58258","targetHints":{"allow":["GET"]}}],"collection":[{"href":"https:\/\/www.radiopresidenteibanez.cl\/web\/wp-json\/wp\/v2\/posts"}],"about":[{"href":"https:\/\/www.radiopresidenteibanez.cl\/web\/wp-json\/wp\/v2\/types\/post"}],"author":[{"embeddable":true,"href":"https:\/\/www.radiopresidenteibanez.cl\/web\/wp-json\/wp\/v2\/users\/2"}],"replies":[{"embeddable":true,"href":"https:\/\/www.radiopresidenteibanez.cl\/web\/wp-json\/wp\/v2\/comments?post=58258"}],"version-history":[{"count":0,"href":"https:\/\/www.radiopresidenteibanez.cl\/web\/wp-json\/wp\/v2\/posts\/58258\/revisions"}],"wp:featuredmedia":[{"embeddable":true,"href":"https:\/\/www.radiopresidenteibanez.cl\/web\/wp-json\/wp\/v2\/media\/58259"}],"wp:attachment":[{"href":"https:\/\/www.radiopresidenteibanez.cl\/web\/wp-json\/wp\/v2\/media?parent=58258"}],"wp:term":[{"taxonomy":"category","embeddable":true,"href":"https:\/\/www.radiopresidenteibanez.cl\/web\/wp-json\/wp\/v2\/categories?post=58258"},{"taxonomy":"post_tag","embeddable":true,"href":"https:\/\/www.radiopresidenteibanez.cl\/web\/wp-json\/wp\/v2\/tags?post=58258"}],"curies":[{"name":"wp","href":"https:\/\/api.w.org\/{rel}","templated":true}]}}