{"id":58255,"date":"2025-08-13T16:50:00","date_gmt":"2025-08-13T19:50:00","guid":{"rendered":"https:\/\/www.radiopresidenteibanez.cl\/web\/?p=58255"},"modified":"2025-08-13T15:52:18","modified_gmt":"2025-08-13T18:52:18","slug":"injuv-destaco-a-ocho-jovenes-y-una-organizacion-por-su-aporte-a-magallanes","status":"publish","type":"post","link":"https:\/\/www.radiopresidenteibanez.cl\/web\/injuv-destaco-a-ocho-jovenes-y-una-organizacion-por-su-aporte-a-magallanes\/","title":{"rendered":"INJUV destac\u00f3 a ocho j\u00f3venes y una organizaci\u00f3n por su\u00a0aporte a Magallanes"},"content":{"rendered":"\n<p>En el marco de la conmemoraci\u00f3n del D\u00eda Internacional de las Juventudes, la direcci\u00f3n regional del Instituto Nacional de la Juventud (INJUV) realiz\u00f3 una ceremonia en el auditorio Ernesto Livacic de la Universidad de Magallanes, donde se reconoci\u00f3 la labor de ocho j\u00f3venes y una agrupaci\u00f3n por su contribuci\u00f3n a la comunidad.<\/p>\n\n\n\n<p>En la actividad, se destac\u00f3 el trabajo de los siguientes&nbsp;j\u00f3venes de acuerdo a ocho categor\u00edas: John Madrid (Deporte), Valentina Letelier (Emprendimiento), Basti\u00e1n Sanhueza (Liderazgo), \u00c1lvaro Aguilante (Desarrollo y Progresi\u00f3n Personal), Carlos Contreras (Social-Territorial); Karym Paredes (Voluntariado); Sof\u00eda Gonz\u00e1lez (Cultura) y Mat\u00edas Hidalgo (Votaci\u00f3n en Redes Sociales). Adem\u00e1s, se reconoci\u00f3 a la organizaci\u00f3n de voluntariado \u201cElige Vivir Bien, Vive Feliz\u201d.<\/p>\n\n\n\n<p>El Delegado Presidencial Regional, Jos\u00e9 Antonio Ruiz, se\u00f1al\u00f3 que \u201cvivimos muchas veces una sociedad marcadamente adultocentrista y hay que escuchar a los j\u00f3venes, porque son el presente y el futuro de nuestra sociedad. Ante esto hay que reconocerlos, incorporarlos a las pol\u00edticas p\u00fablicas y por eso es tan importante tener este di\u00e1logo permanente, y el llamado que hacemos es a la participaci\u00f3n, porque las juventudes tienen una alegre rebeld\u00eda que no deben perder, y sobre todo, en los tiempos de hoy, tambi\u00e9n son defensores de la democracia\u201d.<\/p>\n\n\n\n<p>En tanto, la&nbsp;<strong>Directora Regional de INJUV, Carla Cifuentes<\/strong>, explic\u00f3 que \u201cestamos muy contentos de celebrar y conmemorar esta fecha con las juventudes protagonistas, porque es una instancia que nos permite reconocer a quienes, desde distintos \u00e1mbitos, son un ejemplo y un modelo a seguir para otras juventudes de nuestra comunidad\u201d.<\/p>\n\n\n\n<p>A su vez, el Seremi de Desarrollo Social y Familia, Danilo Mimica, destac\u00f3 el rol de la juventud en materia de cuidados, se\u00f1alando que \u201cseg\u00fan la \u00faltima Encuesta Nacional de&nbsp;Juventudes un porcentaje importante de j\u00f3venes realizan labores de cuidados con sus padres o abuelos, postergando su propio desarrollo. De ah\u00ed la importancia de incluir al INJUV en la Pol\u00edtica Nacional de Apoyos y Cuidados\u201d.<\/p>\n\n\n\n<p>Esta ceremonia se suma a la realizada en la comuna de Natales el d\u00eda 5 de agosto, mientras que en Porvenir se replicar\u00e1 el d\u00eda 20 de agosto.<\/p>\n\n\n\n<p><strong>La participaci\u00f3n de la ni\u00f1ez y adolescencia<\/strong><\/p>\n\n\n\n<h4 class=\"wp-block-heading\">Basti\u00e1n Sanhueza, de 16 a\u00f1os, obtuvo un reconocimiento en la categor\u00eda de Liderazgo. Se ha convertido en un referente al presidir el Centro de Estudiantes de su establecimiento, el Colegio Punta Arenas.<\/h4>\n\n\n\n<h4 class=\"wp-block-heading\">Adem\u00e1s, durante el 2024 fue nombrado representante del primer Consejo Consultivo de Ni\u00f1os, Ni\u00f1as y Adolescentes, un nuevo mecanismo de participaci\u00f3n ciudadana establecido por ley, y que busca considerar las opiniones de la ni\u00f1ez y adolescencia en las pol\u00edticas, planes e iniciativas vinculadas a los asuntos que les afectan.<\/h4>\n\n\n\n<p>Basti\u00e1n coment\u00f3 que \u201cesta premiaci\u00f3n es un sentimiento que me llena de alegr\u00eda, pero no por m\u00ed. Siempre lo he hecho por los dem\u00e1s, para poder ser un aporte a la comunidad, para ayudar a quienes muchas veces tienen miedo, o no sacan la voz, y poder estar ah\u00ed para representarlos, y poder trabajando por los derechos de la ni\u00f1ez y adolescencia, que es algo que me ha motivado durante estos a\u00f1os\u201d.<\/p>\n","protected":false},"excerpt":{"rendered":"<p>En el marco de la conmemoraci\u00f3n del D\u00eda Internacional de las Juventudes, la direcci\u00f3n regional del Instituto Nacional de la Juventud (INJUV) realiz\u00f3 una ceremonia en el auditorio Ernesto Livacic&#8230; <a class=\"read-more\" href=\"https:\/\/www.radiopresidenteibanez.cl\/web\/injuv-destaco-a-ocho-jovenes-y-una-organizacion-por-su-aporte-a-magallanes\/\">Leer m\u00e1s<\/a><\/p>\n","protected":false},"author":2,"featured_media":58256,"comment_status":"closed","ping_status":"closed","sticky":false,"template":"","format":"standard","meta":{"footnotes":""},"categories":[1],"tags":[],"class_list":["post-58255","post","type-post","status-publish","format-standard","has-post-thumbnail","hentry","category-cronica"],"_links":{"self":[{"href":"https:\/\/www.radiopresidenteibanez.cl\/web\/wp-json\/wp\/v2\/posts\/58255","targetHints":{"allow":["GET"]}}],"collection":[{"href":"https:\/\/www.radiopresidenteibanez.cl\/web\/wp-json\/wp\/v2\/posts"}],"about":[{"href":"https:\/\/www.radiopresidenteibanez.cl\/web\/wp-json\/wp\/v2\/types\/post"}],"author":[{"embeddable":true,"href":"https:\/\/www.radiopresidenteibanez.cl\/web\/wp-json\/wp\/v2\/users\/2"}],"replies":[{"embeddable":true,"href":"https:\/\/www.radiopresidenteibanez.cl\/web\/wp-json\/wp\/v2\/comments?post=58255"}],"version-history":[{"count":0,"href":"https:\/\/www.radiopresidenteibanez.cl\/web\/wp-json\/wp\/v2\/posts\/58255\/revisions"}],"wp:featuredmedia":[{"embeddable":true,"href":"https:\/\/www.radiopresidenteibanez.cl\/web\/wp-json\/wp\/v2\/media\/58256"}],"wp:attachment":[{"href":"https:\/\/www.radiopresidenteibanez.cl\/web\/wp-json\/wp\/v2\/media?parent=58255"}],"wp:term":[{"taxonomy":"category","embeddable":true,"href":"https:\/\/www.radiopresidenteibanez.cl\/web\/wp-json\/wp\/v2\/categories?post=58255"},{"taxonomy":"post_tag","embeddable":true,"href":"https:\/\/www.radiopresidenteibanez.cl\/web\/wp-json\/wp\/v2\/tags?post=58255"}],"curies":[{"name":"wp","href":"https:\/\/api.w.org\/{rel}","templated":true}]}}