{"id":58251,"date":"2025-08-13T15:48:52","date_gmt":"2025-08-13T18:48:52","guid":{"rendered":"https:\/\/www.radiopresidenteibanez.cl\/web\/?p=58251"},"modified":"2025-08-13T15:50:16","modified_gmt":"2025-08-13T18:50:16","slug":"magallanes-refuerza-compromiso-para-alcanzar-92-de-lactancia-materna-exclusiva-hasta-el-sexto-mes-de-vida","status":"publish","type":"post","link":"https:\/\/www.radiopresidenteibanez.cl\/web\/magallanes-refuerza-compromiso-para-alcanzar-92-de-lactancia-materna-exclusiva-hasta-el-sexto-mes-de-vida\/","title":{"rendered":"MAGALLANES REFUERZA COMPROMISO PARA ALCANZAR 92% DE LACTANCIA MATERNA EXCLUSIVA HASTA EL SEXTO MES DE VIDA"},"content":{"rendered":"\n<p>Para reforzar este desaf\u00edo, realiz\u00f3 una feria intersectorial en Zona Austral, que reuni\u00f3 a<br>instituciones de salud, educaci\u00f3n y emprendimientos, con el prop\u00f3sito de promover la lactancia<br>materna como el alimento m\u00e1s completo para los primeros meses de vida; clave para prevenir<br>enfermedades y fortalecer el v\u00ednculo madre-hijo.<br>El encuentro fue organizado por CORELMA, liderada por la SEREMI de Salud, y cont\u00f3 con la<br>participaci\u00f3n del Servicio de Salud Magallanes, CESFAM 18 de Septiembre, el Comit\u00e9 Local de<br>Lactancia Materna del Hospital Cl\u00ednico Magallanes, la carrera de Nutrici\u00f3n de la Universidad de<br>Magallanes, el equipo educativo del Jard\u00edn Las Charitas de JUNJI Magallanes, directivos de<br>Fundaci\u00f3n Integra y educadoras del Jard\u00edn Akar. Tambi\u00e9n estuvieron presentes los<br>emprendimientos Kangumamis, Abracitos de Mami, Aneska y Ludipuq.<br>Kadlen Hern\u00e1ndez, encargada de infancia de la SEREMI de Salud, se\u00f1al\u00f3 que la feria fue el cierre<br>de una intensa semana de actividades. \u201cEsta iniciativa nace de la Comisi\u00f3n Regional de Lactancia<br>Materna y busca entregar mensajes claros sobre sus beneficios y las t\u00e9cnicas de amamantamiento.<br>Aunque esta feria se realiz\u00f3 en Punta Arenas, tambi\u00e9n se desarrollaron numerosas acciones en<br>Porvenir, Puerto Williams y Puerto Natales\u201d.<br>En tanto, Patricia C\u00e1rdenas, encargada del Programa de la Mujer del Servicio de Salud Magallanes,<br>recalc\u00f3 la meta regional. \u201cNuestro gran desaf\u00edo es que el 92% de lactancia materna al egreso<br>hospitalario se mantenga hasta el sexto mes de vida. Esto contribuye a ni\u00f1os m\u00e1s sanos, a<br>disminuir la obesidad infantil y, a futuro, prevenir las enfermedades cr\u00f3nicas en adultos\u201d. Adem\u00e1s,<br>agrego la profesional, \u201camamantar protege a la madre frente al c\u00e1ncer de mam\u00e1\u201d.<br>Desde el \u00e1mbito educativo, el Director Regional de Fundaci\u00f3n INTEGRA, Alan Carrasco, destac\u00f3 la<br>importancia de generar espacios seguros para el amamantamiento en jardines infantiles. \u201cEn<br>nuestros recintos, las madres cuentan con lugares inclusivos y horarios definidos para amamantar,<br>siempre acompa\u00f1adas por el equipo educativo. Nuestro compromiso es seguir promoviendo esta<br>pr\u00e1ctica\u201d.<br>La Directora del Jard\u00edn Infantil Las Charitas de JUNJI Magallanes, Loreto Trabazo, resalt\u00f3 que el<br>trabajo es constante: \u201cDurante todo el a\u00f1o realizamos talleres, apoyamos la recolecci\u00f3n de leche<br>materna que lleva cada madre a sus hijos y fomentamos estrategias para fortalecer la lactancia<br>con todas nuestras familias usuarias\u201d.<br>Otro \u00e1mbito que se destaca por su labor diaria es la atenci\u00f3n primaria de salud, as\u00ed lo explica la<br>matrona Claudia Fern\u00e1ndez del CESFAM 18 de Septiembre. \u201cNuestro CESFAM est\u00e1 comprometido<\/p>\n\n\n\n<p>con la lactancia materna, permanentemente estamos haciendo talleres prenatales e<br>intervenciones educativas en distintos jardines infantiles. A su vez, estamos apoyando a nuestras<br>embarazadas y nuestras pu\u00e9rperas con cl\u00ednicas de lactancia para fomentar esta alimentaci\u00f3n<br>nutritiva y afectiva tambi\u00e9n\u201d.<br>Agregando la profesional que, cuentan con horas protegidas para cl\u00ednicas de lactancia cuando son<br>necesarias, por ejemplo, \u201cen los casos en que hay complicaciones con el acople madre e hijo, se<br>puede apoyar en las distintas t\u00e9cnicas para que no se interrumpa este proceso que es tan<br>importante para todos los ni\u00f1os y ni\u00f1as\u201d.<br>Adem\u00e1s, Carla Andrea Tenorio, nutricionista del Centro de Salud se\u00f1al\u00f3 que, como parte de la<br>Feria, presentaron alternativas para aumentar el consumo de \u201cPurita Mam\u00e1\u201d, leche destinada a<br>gestantes y madres lactantes: \u201cBuscamos nuevas preparaciones como cocadas, queques y leche<br>asada para mejorar su aceptaci\u00f3n y aporte nutricional\u201d.<br>La feria incluy\u00f3 stands educativos, informaci\u00f3n sobre t\u00e9cnicas de lactancia, degustaciones<br>saludables y espacios para resolver dudas. Esta actividad se sum\u00f3 a talleres, concursos y<br>exposiciones desarrolladas en distintas comunas de la regi\u00f3n, reflejando el compromiso de<br>profesionales de la salud y de la educaci\u00f3n para fomentar, proteger y apoyar la lactancia materna<br>durante todo el a\u00f1o.<\/p>\n","protected":false},"excerpt":{"rendered":"<p>Para reforzar este desaf\u00edo, realiz\u00f3 una feria intersectorial en Zona Austral, que reuni\u00f3 ainstituciones de salud, educaci\u00f3n y emprendimientos, con el prop\u00f3sito de promover la lactanciamaterna como el alimento m\u00e1s&#8230; <a class=\"read-more\" href=\"https:\/\/www.radiopresidenteibanez.cl\/web\/magallanes-refuerza-compromiso-para-alcanzar-92-de-lactancia-materna-exclusiva-hasta-el-sexto-mes-de-vida\/\">Leer m\u00e1s<\/a><\/p>\n","protected":false},"author":2,"featured_media":58252,"comment_status":"closed","ping_status":"closed","sticky":false,"template":"","format":"standard","meta":{"footnotes":""},"categories":[1],"tags":[],"class_list":["post-58251","post","type-post","status-publish","format-standard","has-post-thumbnail","hentry","category-cronica"],"_links":{"self":[{"href":"https:\/\/www.radiopresidenteibanez.cl\/web\/wp-json\/wp\/v2\/posts\/58251","targetHints":{"allow":["GET"]}}],"collection":[{"href":"https:\/\/www.radiopresidenteibanez.cl\/web\/wp-json\/wp\/v2\/posts"}],"about":[{"href":"https:\/\/www.radiopresidenteibanez.cl\/web\/wp-json\/wp\/v2\/types\/post"}],"author":[{"embeddable":true,"href":"https:\/\/www.radiopresidenteibanez.cl\/web\/wp-json\/wp\/v2\/users\/2"}],"replies":[{"embeddable":true,"href":"https:\/\/www.radiopresidenteibanez.cl\/web\/wp-json\/wp\/v2\/comments?post=58251"}],"version-history":[{"count":0,"href":"https:\/\/www.radiopresidenteibanez.cl\/web\/wp-json\/wp\/v2\/posts\/58251\/revisions"}],"wp:featuredmedia":[{"embeddable":true,"href":"https:\/\/www.radiopresidenteibanez.cl\/web\/wp-json\/wp\/v2\/media\/58252"}],"wp:attachment":[{"href":"https:\/\/www.radiopresidenteibanez.cl\/web\/wp-json\/wp\/v2\/media?parent=58251"}],"wp:term":[{"taxonomy":"category","embeddable":true,"href":"https:\/\/www.radiopresidenteibanez.cl\/web\/wp-json\/wp\/v2\/categories?post=58251"},{"taxonomy":"post_tag","embeddable":true,"href":"https:\/\/www.radiopresidenteibanez.cl\/web\/wp-json\/wp\/v2\/tags?post=58251"}],"curies":[{"name":"wp","href":"https:\/\/api.w.org\/{rel}","templated":true}]}}