{"id":58248,"date":"2025-08-13T12:07:09","date_gmt":"2025-08-13T15:07:09","guid":{"rendered":"https:\/\/www.radiopresidenteibanez.cl\/web\/?p=58248"},"modified":"2025-08-13T12:09:12","modified_gmt":"2025-08-13T15:09:12","slug":"magallanes-dira-presente-en-nueva-directiva-del-gremio-de-pequenos-y-medianos-generadores","status":"publish","type":"post","link":"https:\/\/www.radiopresidenteibanez.cl\/web\/magallanes-dira-presente-en-nueva-directiva-del-gremio-de-pequenos-y-medianos-generadores\/","title":{"rendered":"Magallanes dir\u00e1 presente en nueva directiva del Gremio de Peque\u00f1os y Medianos Generadores"},"content":{"rendered":"\n<p>El Gremio de Peque\u00f1os y Medianos Generadores (GPM AG), que representa<br>empresas generadoras de energ\u00eda el\u00e9ctrica en todas las regiones del pa\u00eds renov\u00f3<br>su Directiva, en el marco de su Asamblea General de Socios realizada en<br>Santiago, el pasado viernes 8 de agosto.<br>Entre los nuevos miembros de la Directiva se encuentra el Gerente General de la<br>Empresa El\u00e9ctrica de Magallanes, Miguel Castillo Quezada, quien asumi\u00f3 el rol de<br>director y se convirti\u00f3 en el \u00fanico representante de regiones en integrar este<br>Directorio.<br>El resto del Directorio est\u00e1 integrado por Carolina Galleguillos (Country Manager<br>de Verano Energy), presidenta; Tomas Schr\u00f6ter (Gerente General de Espinos),<br>vicepresidente; Ver\u00f3nica Bustos (Gerente de Asuntos Regulatorios de EnfraGen<br>Chile), secretaria; y Rodrigo Urz\u00faa (Gerente Comercial de EnorChile), tesorero.<br>Mientras que Fernando Monta\u00f1o (Gerente de Operaciones de Enlasa) y Miguel<br>Salazar (Commercial C Project Manager en Carbomet Energ\u00eda) tambi\u00e9n son parte<br>del equipo de directores.<br>\u201cEs muy importante que como empresa estemos presentes en el Directorio de<br>GPM para participar activamente en la gesti\u00f3n del gremio. Adem\u00e1s, esperamos<br>representar los intereses de nuestros usuarios de Magallanes de la mejor<br>manera\u201d, coment\u00f3 Castillo.<br>Mientras que, en relaci\u00f3n con la Asamblea, el Gerente General de EDELMAG,<br>puntualiz\u00f3 que \u201chemos tenido una Asamblea Anual muy positiva, donde el objetivo<br>principal era revisar el desempe\u00f1o de nuestra asociaci\u00f3n y la elecci\u00f3n del nuevo<br>directorio, lo cual hemos materializado ratificando a Carolina como presidenta y a<br>Tomas como vicepresidente, lo cual permite la continuidad al muy buen trabajo<br>que ha estado realizando GPM en el \u00faltimo tiempo\u201d.<\/p>\n","protected":false},"excerpt":{"rendered":"<p>El Gremio de Peque\u00f1os y Medianos Generadores (GPM AG), que representaempresas generadoras de energ\u00eda el\u00e9ctrica en todas las regiones del pa\u00eds renov\u00f3su Directiva, en el marco de su Asamblea General&#8230; <a class=\"read-more\" href=\"https:\/\/www.radiopresidenteibanez.cl\/web\/magallanes-dira-presente-en-nueva-directiva-del-gremio-de-pequenos-y-medianos-generadores\/\">Leer m\u00e1s<\/a><\/p>\n","protected":false},"author":2,"featured_media":0,"comment_status":"closed","ping_status":"closed","sticky":false,"template":"","format":"standard","meta":{"footnotes":""},"categories":[1],"tags":[],"class_list":["post-58248","post","type-post","status-publish","format-standard","hentry","category-cronica"],"_links":{"self":[{"href":"https:\/\/www.radiopresidenteibanez.cl\/web\/wp-json\/wp\/v2\/posts\/58248","targetHints":{"allow":["GET"]}}],"collection":[{"href":"https:\/\/www.radiopresidenteibanez.cl\/web\/wp-json\/wp\/v2\/posts"}],"about":[{"href":"https:\/\/www.radiopresidenteibanez.cl\/web\/wp-json\/wp\/v2\/types\/post"}],"author":[{"embeddable":true,"href":"https:\/\/www.radiopresidenteibanez.cl\/web\/wp-json\/wp\/v2\/users\/2"}],"replies":[{"embeddable":true,"href":"https:\/\/www.radiopresidenteibanez.cl\/web\/wp-json\/wp\/v2\/comments?post=58248"}],"version-history":[{"count":0,"href":"https:\/\/www.radiopresidenteibanez.cl\/web\/wp-json\/wp\/v2\/posts\/58248\/revisions"}],"wp:attachment":[{"href":"https:\/\/www.radiopresidenteibanez.cl\/web\/wp-json\/wp\/v2\/media?parent=58248"}],"wp:term":[{"taxonomy":"category","embeddable":true,"href":"https:\/\/www.radiopresidenteibanez.cl\/web\/wp-json\/wp\/v2\/categories?post=58248"},{"taxonomy":"post_tag","embeddable":true,"href":"https:\/\/www.radiopresidenteibanez.cl\/web\/wp-json\/wp\/v2\/tags?post=58248"}],"curies":[{"name":"wp","href":"https:\/\/api.w.org\/{rel}","templated":true}]}}