{"id":58245,"date":"2025-08-13T13:13:00","date_gmt":"2025-08-13T16:13:00","guid":{"rendered":"https:\/\/www.radiopresidenteibanez.cl\/web\/?p=58245"},"modified":"2025-08-13T12:00:35","modified_gmt":"2025-08-13T15:00:35","slug":"enap-magallanes-culmino-con-exito-programa-trabajar-con-calidad-de-vida-tras-dos-anos-de-acompanamiento-de-senda","status":"publish","type":"post","link":"https:\/\/www.radiopresidenteibanez.cl\/web\/enap-magallanes-culmino-con-exito-programa-trabajar-con-calidad-de-vida-tras-dos-anos-de-acompanamiento-de-senda\/","title":{"rendered":"ENAP Magallanes culmin\u00f3 con \u00e9xito programa \u201cTrabajar con Calidad de Vida\u201d tras dos a\u00f1os de acompa\u00f1amiento de SENDA"},"content":{"rendered":"\n<p>La Empresa Nacional del Petr\u00f3leo en Magallanes (ENAP) ha completado con \u00e9xito el<br>Programa Trabajar con Calidad de Vida, iniciativa impulsada por el Servicio Nacional para<br>la Prevenci\u00f3n y Rehabilitaci\u00f3n del Consumo de Drogas y Alcohol (SENDA) que promueve<br>entornos laborales saludables y libres de consumo de alcohol y otras drogas.<br>El proceso, desarrollado durante dos a\u00f1os de acompa\u00f1amiento y asesor\u00eda t\u00e9cnica de<br>SENDA Magallanes, cont\u00f3 con la activa participaci\u00f3n de un equipo preventivo<br>coordinador, integrado por representantes de distintas \u00e1reas de la empresa, que lider\u00f3 las<br>acciones y garantiz\u00f3 su sostenibilidad en el tiempo.<br>El programa se implement\u00f3 en siete etapas, que incluyeron:<br>\uf0b7 Diagn\u00f3stico de calidad de vida laboral: identificaci\u00f3n de factores de bienestar y<br>riesgo.<br>\uf0b7 Dise\u00f1o participativo de una pol\u00edtica preventiva y plan de acci\u00f3n.<br>\uf0b7 Capacitaci\u00f3n del comit\u00e9 preventivo: formaci\u00f3n t\u00e9cnica y liderazgo preventivo.<br>\uf0b7 Ejecuci\u00f3n del plan de acci\u00f3n en toda la organizaci\u00f3n.<br>\uf0b7 Difusi\u00f3n y sensibilizaci\u00f3n sobre efectos del consumo de alcohol y otras drogas.<br>\uf0b7 Acompa\u00f1amiento y detecci\u00f3n temprana de posibles situaciones de riesgo.<br>\uf0b7 Evaluaci\u00f3n final y retroalimentaci\u00f3n para garantizar mejoras sostenibles.<br>Este trabajo se enmarca en los objetivos del Plan Nacional de Drogas 2024-2030, que<br>involucra el fortalecimiento de la prevenci\u00f3n en espacios laborales como estrategia clave<br>para proteger la salud de las trabajadoras y los trabajadores, mejorar la productividad y<br>fomentar entornos seguros.<br>\u201cPara nosotros es un desaf\u00edo bastante importante, sobre todo en la l\u00f3gica de generar<br>culturas preventivas en la comunidad laboral. La respuesta que ha tenido esta empresa<br>nos demuestra que el camino colaborativo es clave para disminuir los riesgos asociados al<br>consumo\u201d, manifest\u00f3 \u00c1lvaro D\u00edaz Roa, director regional (s) de SENDA en Magallanes y la<br>Ant\u00e1rtica Chilena.<br>\u201cEste programa no s\u00f3lo previene el consumo, sino que mejora la calidad de vida de las<br>personas en todos sus \u00e1mbitos: laboral, familiar y personal. Felicitamos especialmente al<\/p>\n\n\n\n<p>equipo preventivo coordinador por su compromiso y liderazgo durante estos dos a\u00f1os de<br>trabajo conjunto.\u201d<br>En tanto, el gerente general de ENAP Magallanes, Rodrigo Bustamante Villegas puntualiz\u00f3: \u201cEn<br>ENAP Magallanes asumimos este programa como una oportunidad para fortalecer nuestro<br>compromiso con la seguridad, la salud y el bienestar de nuestros trabajadores. Haber completado<br>todas las etapas de \u201cTrabajar con Calidad\u201d de Vida nos deja no solo con resultados concretos, sino<br>con una cultura preventiva m\u00e1s s\u00f3lida y un equipo humano m\u00e1s comprometido con su propio<br>cuidado y el de sus compa\u00f1eros.\u201d<br>Con la finalizaci\u00f3n de este proceso, ENAP Magallanes reafirma su compromiso con el<br>bienestar de sus trabajadoras y sus trabajadores y muestra c\u00f3mo la prevenci\u00f3n en los<br>espacios laborales, con acompa\u00f1amiento t\u00e9cnico especializado, puede generar cambios<br>sostenibles y aportar al desarrollo de comunidades laborales m\u00e1s saludables y seguras.<\/p>\n","protected":false},"excerpt":{"rendered":"<p>La Empresa Nacional del Petr\u00f3leo en Magallanes (ENAP) ha completado con \u00e9xito elPrograma Trabajar con Calidad de Vida, iniciativa impulsada por el Servicio Nacional parala Prevenci\u00f3n y Rehabilitaci\u00f3n del Consumo&#8230; <a class=\"read-more\" href=\"https:\/\/www.radiopresidenteibanez.cl\/web\/enap-magallanes-culmino-con-exito-programa-trabajar-con-calidad-de-vida-tras-dos-anos-de-acompanamiento-de-senda\/\">Leer m\u00e1s<\/a><\/p>\n","protected":false},"author":2,"featured_media":58246,"comment_status":"closed","ping_status":"closed","sticky":false,"template":"","format":"standard","meta":{"footnotes":""},"categories":[1],"tags":[],"class_list":["post-58245","post","type-post","status-publish","format-standard","has-post-thumbnail","hentry","category-cronica"],"_links":{"self":[{"href":"https:\/\/www.radiopresidenteibanez.cl\/web\/wp-json\/wp\/v2\/posts\/58245","targetHints":{"allow":["GET"]}}],"collection":[{"href":"https:\/\/www.radiopresidenteibanez.cl\/web\/wp-json\/wp\/v2\/posts"}],"about":[{"href":"https:\/\/www.radiopresidenteibanez.cl\/web\/wp-json\/wp\/v2\/types\/post"}],"author":[{"embeddable":true,"href":"https:\/\/www.radiopresidenteibanez.cl\/web\/wp-json\/wp\/v2\/users\/2"}],"replies":[{"embeddable":true,"href":"https:\/\/www.radiopresidenteibanez.cl\/web\/wp-json\/wp\/v2\/comments?post=58245"}],"version-history":[{"count":0,"href":"https:\/\/www.radiopresidenteibanez.cl\/web\/wp-json\/wp\/v2\/posts\/58245\/revisions"}],"wp:featuredmedia":[{"embeddable":true,"href":"https:\/\/www.radiopresidenteibanez.cl\/web\/wp-json\/wp\/v2\/media\/58246"}],"wp:attachment":[{"href":"https:\/\/www.radiopresidenteibanez.cl\/web\/wp-json\/wp\/v2\/media?parent=58245"}],"wp:term":[{"taxonomy":"category","embeddable":true,"href":"https:\/\/www.radiopresidenteibanez.cl\/web\/wp-json\/wp\/v2\/categories?post=58245"},{"taxonomy":"post_tag","embeddable":true,"href":"https:\/\/www.radiopresidenteibanez.cl\/web\/wp-json\/wp\/v2\/tags?post=58245"}],"curies":[{"name":"wp","href":"https:\/\/api.w.org\/{rel}","templated":true}]}}