{"id":58241,"date":"2025-08-13T11:56:29","date_gmt":"2025-08-13T14:56:29","guid":{"rendered":"https:\/\/www.radiopresidenteibanez.cl\/web\/?p=58241"},"modified":"2025-08-13T11:57:33","modified_gmt":"2025-08-13T14:57:33","slug":"gasco-magallanes-respalda-nueva-version-de-jornadas-ganaderas-que-se-realizaran-este-fin-de-semana","status":"publish","type":"post","link":"https:\/\/www.radiopresidenteibanez.cl\/web\/gasco-magallanes-respalda-nueva-version-de-jornadas-ganaderas-que-se-realizaran-este-fin-de-semana\/","title":{"rendered":"GASCO Magallanes\u00a0respalda nueva versi\u00f3n de Jornadas Ganaderas que se realizaran este fin de semana"},"content":{"rendered":"\n<p>Este jueves y viernes se desarrollar\u00e1 la XXVIII versi\u00f3n de las Jornadas Ganaderas organizadas por Asogama y respaldadas permanentemente por GASCO Magallanes. En ese sentido, Gonzalo Herrera&nbsp;Albornoz, Gerente Comercial de la empresa destac\u00f3 que la compa\u00f1\u00eda distribuidora de gas natural y GLP \u201capoya las actividades que hace la ganader\u00eda en la regi\u00f3n, asociados a quienes se desempe\u00f1an en Tierra del Fuego especialmente\u201d.<\/p>\n\n\n\n<p>Junto con invitar a la comunidad a participar de esta actividad, el ejecutivo dijo que GASCO Magallanes entrega soluciones energ\u00e9ticas \u201ca los clientes de la ganader\u00eda, en las distintas localidades de la regi\u00f3n, principalmente a estancieros, para operar con generaci\u00f3n el\u00e9ctrica con gas y tambi\u00e9n soluciones mixtas con aerogeneraci\u00f3n o con paneles fotovoltaicos\u201d.<\/p>\n\n\n\n<p>Gerardo Otzen, Presidente de Asogama, explic\u00f3 que durante las Jornadas Ganaderas se abordar\u00e1n temas tales como perros asilvestrados, fracking horizontal a cargo de Enap, bonos de carbono, mercado de carne, se\u00f1alada en ovinos, enfermedades parasitarias y simulaci\u00f3n de manejos ovinos, entre otros.<\/p>\n\n\n\n<p>Destac\u00f3 especialmente la exposici\u00f3n que realizar\u00e1 el&nbsp;magall\u00e1nico Fabian Jaksic, Premio Nacional de Ciencias.<\/p>\n\n\n\n<p>\u201cEs un punto de reuni\u00f3n para que se junten los ganaderos, profesionales que trabajan en el agro. La entrada es gratuita y va a ser transmitido por YouTube para que se puede ver en el mismo momento o tiempo despu\u00e9s porque quedar\u00e1 en la p\u00e1gina de YouTube de Asogama\u201d, expres\u00f3 finalmente Otzen.<\/p>\n","protected":false},"excerpt":{"rendered":"<p>Este jueves y viernes se desarrollar\u00e1 la XXVIII versi\u00f3n de las Jornadas Ganaderas organizadas por Asogama y respaldadas permanentemente por GASCO Magallanes. En ese sentido, Gonzalo Herrera&nbsp;Albornoz, Gerente Comercial de&#8230; <a class=\"read-more\" href=\"https:\/\/www.radiopresidenteibanez.cl\/web\/gasco-magallanes-respalda-nueva-version-de-jornadas-ganaderas-que-se-realizaran-este-fin-de-semana\/\">Leer m\u00e1s<\/a><\/p>\n","protected":false},"author":2,"featured_media":58242,"comment_status":"closed","ping_status":"closed","sticky":false,"template":"","format":"standard","meta":{"footnotes":""},"categories":[1],"tags":[],"class_list":["post-58241","post","type-post","status-publish","format-standard","has-post-thumbnail","hentry","category-cronica"],"_links":{"self":[{"href":"https:\/\/www.radiopresidenteibanez.cl\/web\/wp-json\/wp\/v2\/posts\/58241","targetHints":{"allow":["GET"]}}],"collection":[{"href":"https:\/\/www.radiopresidenteibanez.cl\/web\/wp-json\/wp\/v2\/posts"}],"about":[{"href":"https:\/\/www.radiopresidenteibanez.cl\/web\/wp-json\/wp\/v2\/types\/post"}],"author":[{"embeddable":true,"href":"https:\/\/www.radiopresidenteibanez.cl\/web\/wp-json\/wp\/v2\/users\/2"}],"replies":[{"embeddable":true,"href":"https:\/\/www.radiopresidenteibanez.cl\/web\/wp-json\/wp\/v2\/comments?post=58241"}],"version-history":[{"count":0,"href":"https:\/\/www.radiopresidenteibanez.cl\/web\/wp-json\/wp\/v2\/posts\/58241\/revisions"}],"wp:featuredmedia":[{"embeddable":true,"href":"https:\/\/www.radiopresidenteibanez.cl\/web\/wp-json\/wp\/v2\/media\/58242"}],"wp:attachment":[{"href":"https:\/\/www.radiopresidenteibanez.cl\/web\/wp-json\/wp\/v2\/media?parent=58241"}],"wp:term":[{"taxonomy":"category","embeddable":true,"href":"https:\/\/www.radiopresidenteibanez.cl\/web\/wp-json\/wp\/v2\/categories?post=58241"},{"taxonomy":"post_tag","embeddable":true,"href":"https:\/\/www.radiopresidenteibanez.cl\/web\/wp-json\/wp\/v2\/tags?post=58241"}],"curies":[{"name":"wp","href":"https:\/\/api.w.org\/{rel}","templated":true}]}}