{"id":58238,"date":"2025-08-13T10:49:00","date_gmt":"2025-08-13T13:49:00","guid":{"rendered":"https:\/\/www.radiopresidenteibanez.cl\/web\/?p=58238"},"modified":"2025-08-13T09:49:21","modified_gmt":"2025-08-13T12:49:21","slug":"este-sabado-se-realizara-ultimo-concierto-2025-de-la-orquesta-sinfonica-juvenil-regional-de-magallanes-en-punta-arenas","status":"publish","type":"post","link":"https:\/\/www.radiopresidenteibanez.cl\/web\/este-sabado-se-realizara-ultimo-concierto-2025-de-la-orquesta-sinfonica-juvenil-regional-de-magallanes-en-punta-arenas\/","title":{"rendered":"Este s\u00e1bado se realizar\u00e1 \u00faltimo concierto 2025 de la Orquesta Sinf\u00f3nica Juvenil Regional de Magallanes en Punta Arenas"},"content":{"rendered":"\n<p>Una noche muy especial es la que podr\u00e1 vivir la comunidad de Punta Arenas este s\u00e1bado (16 de agosto), al acercarse al arte y la emoci\u00f3n que solo la m\u00fasica en vivo puede ofrecer.<\/p>\n\n\n\n<p>Lo anterior, porque el Teatro Municipal \u00abJos\u00e9 Bohr\u00bb, se llenar\u00e1 de entusiasmo con la realizaci\u00f3n del Concierto de Gala de la Orquesta Sinf\u00f3nica Juvenil Regional de Magallanes de la Fundaci\u00f3n de Orquestas Juveniles e Infantiles de Chile, FOJI, una oportunidad \u00fanica para compartir una experiencia cultural donde el talento de j\u00f3venes m\u00fasicos se transforma en momentos de conexi\u00f3n y disfrute colectivo.<\/p>\n\n\n\n<p>\u201cEl concierto de Gala de la Orquesta Sinf\u00f3nica Juvenil de Magallanes, es una oportunidad para apreciar el compromiso, la disciplina y el esfuerzo que todos los j\u00f3venes m\u00fasicos han desarrollado durante todo el a\u00f1o. Cada nota que interpretan es fruto de un proceso de formaci\u00f3n exigente, donde el rigor se transforma en crecimiento personal y colectivo. Invito a las comunidades a ser parte de este momento, a acompa\u00f1ar y valorar el trabajo de estos j\u00f3venes talentos que representan con orgullo la misi\u00f3n de FOJI\u201d, se\u00f1al\u00f3 el director ejecutivo de FOJI, Pablo Aranda.<\/p>\n\n\n\n<p>\u201cVan a poder disfrutar de un variado repertorio de m\u00fasica cl\u00e1sica, pop y latinoamericana. Los chicos est\u00e1n bien entusiasmados, hay muchos chicos nuevos tambi\u00e9n, as\u00ed que es emocionante para ellos tocar por primera vez en el Teatro Municipal. Hay 9 chicos nuevos y tambi\u00e9n hay otros que se van a despedir, como todos los a\u00f1os, cumpliendo un ciclo\u201d, afirm\u00f3 la coordinadora regional de FOJI, Claudia Uribe.<\/p>\n\n\n\n<p>Este evento gratuito, que contar\u00e1 con la participaci\u00f3n de cerca de 40 ni\u00f1as, ni\u00f1os y j\u00f3venes de la regi\u00f3n, presenta un programa amplio y variado con piezas que abarcan desde compositores cl\u00e1sicos internacionales hasta creaciones de destacados artistas latinoamericanos. M\u00e1s que un concierto, ser\u00e1 una vivencia donde el p\u00fablico podr\u00e1 experimentar la fuerza y sensibilidad de la m\u00fasica en directo, y ser testigo del esfuerzo y dedicaci\u00f3n que estos j\u00f3venes han entregado durante su formaci\u00f3n.<\/p>\n\n\n\n<p>\u201cLlevo m\u00e1s de cinco a\u00f1os en la FOJI y la experiencia siempre ha sido la mejor, la m\u00e1s \u00f3ptima, con mis compa\u00f1eros siempre hay apoyo mutuo, cuando hay partes que se me dificultan siempre me apoyo en mis compa\u00f1eros de fila o en otros de otras filas y siempre es lo mejor. Los invito a todos, el s\u00e1bado 16 al Concierto de Gala\u201d, afirm\u00f3 Joaqu\u00edn \u00c1lvarez Vidal, de 18 a\u00f1os de edad, quien toca la viola.<\/p>\n\n\n\n<p>Por su parte, Esteban Contreras Aynol, de 19 a\u00f1os, quien toca viol\u00edn, se\u00f1al\u00f3 que \u201cvamos a estar present\u00e1ndonos todos los chiquillos despu\u00e9s de muchos meses de trabajo, de ensayos, vamos a estar presentando un repertorio m\u00e1s o menos variado, con piezas de Mozart, Piazzolla, algo del repertorio m\u00e1s popular y va a estar muy bonito\u201d.<\/p>\n\n\n\n<p>El p\u00fablico est\u00e1 invitado a vivir un encuentro cercano con la m\u00fasica, que va m\u00e1s all\u00e1 del escenario y crea v\u00ednculos emocionales, sensibilizando a cada persona presente. La Orquesta Regional FOJI reafirma con esta gala su misi\u00f3n de promover la cultura y fortalecer el desarrollo art\u00edstico en Magallanes, acercando el arte a la comunidad en espacios abiertos y accesibles.<\/p>\n\n\n\n<p>El Concierto de Gala se realizar\u00e1 el s\u00e1bado 16 de agosto, a las 19.30 horas, en el Teatro Municipal \u00abJos\u00e9 Bohr\u00bb (Magallanes N.\u00ba 821). La entrada es liberada a partir de las 19.10 horas y el ingreso se realizar\u00e1 por orden de llegada hasta completar aforo.<\/p>\n\n\n\n<p><strong>FOJI en Magallanes<\/strong><br>La orquesta nace el a\u00f1o 2010 y es una de las quince agrupaciones sinf\u00f3nicas de j\u00f3venes creadas en cada una de las regiones del pa\u00eds, con motivo de la conmemoraci\u00f3n del Bicentenario de la Rep\u00fablica de Chile.<\/p>\n\n\n\n<p>Desde su creaci\u00f3n, en el a\u00f1o 2010 y hasta el d\u00eda de hoy, la orquesta se ha presentado en escenarios como la Catedral de Punta Arenas, Santuario Mar\u00eda Auxiliadora, Centro de Eventos Dreams, Colegio Mar\u00eda Mazarello de Puerto Natales, Teatro Municipal de Punta Arenas, Liceo Luis Alberto Barrera, Escuela Croacia de Punta Arenas, Escuela Bernardo O\u00b4Higgins, visitando tambi\u00e9n la ciudad de Porvenir, en Tierra del Fuego y en Sala de uso m\u00faltiple de Puerto Williams. La agrupaci\u00f3n ha sido part\u00edcipe de encuentros nacionales de orquestas juveniles e infantiles organizados por FOJI.<\/p>\n\n\n\n<p>La Fundaci\u00f3n Nacional de Orquestas Juveniles e Infantiles de Chile (FOJI) es una instituci\u00f3n sin fines de lucro, que forma parte de la Presidencia de la Rep\u00fablica que, desde su creaci\u00f3n en el a\u00f1o 2001, ha generado espacios y oportunidades de crecimiento integral mediante la m\u00fasica y la conformaci\u00f3n de orquestas, para ni\u00f1os, ni\u00f1as, adolescentes y j\u00f3venes de todo el pa\u00eds.<\/p>\n\n\n\n<p>Su misi\u00f3n es elevar el desarrollo social, cultural y educacional del pa\u00eds brindando oportunidades para que ni\u00f1os, ni\u00f1as, adolescentes y j\u00f3venes de todo Chile mejoren su calidad de vida integrando orquestas.<\/p>\n\n\n\n<p>En noviembre de 2025 se abrir\u00e1n nuevos cupos para ser parte de la Orquesta Sinf\u00f3nica Juvenil Regional de Magallanes 2026, por lo que se invita a los ni\u00f1os y j\u00f3venes, desde los 10 a\u00f1os, a estar atentos a la apertura de las audiciones.<\/p>\n\n\n\n<p>FOJI cuenta con financiamiento del Ministerio de las Culturas, las Artes y el Patrimonio.<\/p>\n","protected":false},"excerpt":{"rendered":"<p>Una noche muy especial es la que podr\u00e1 vivir la comunidad de Punta Arenas este s\u00e1bado (16 de agosto), al acercarse al arte y la emoci\u00f3n que solo la m\u00fasica&#8230; <a class=\"read-more\" href=\"https:\/\/www.radiopresidenteibanez.cl\/web\/este-sabado-se-realizara-ultimo-concierto-2025-de-la-orquesta-sinfonica-juvenil-regional-de-magallanes-en-punta-arenas\/\">Leer m\u00e1s<\/a><\/p>\n","protected":false},"author":2,"featured_media":58239,"comment_status":"closed","ping_status":"closed","sticky":false,"template":"","format":"standard","meta":{"footnotes":""},"categories":[1],"tags":[],"class_list":["post-58238","post","type-post","status-publish","format-standard","has-post-thumbnail","hentry","category-cronica"],"_links":{"self":[{"href":"https:\/\/www.radiopresidenteibanez.cl\/web\/wp-json\/wp\/v2\/posts\/58238","targetHints":{"allow":["GET"]}}],"collection":[{"href":"https:\/\/www.radiopresidenteibanez.cl\/web\/wp-json\/wp\/v2\/posts"}],"about":[{"href":"https:\/\/www.radiopresidenteibanez.cl\/web\/wp-json\/wp\/v2\/types\/post"}],"author":[{"embeddable":true,"href":"https:\/\/www.radiopresidenteibanez.cl\/web\/wp-json\/wp\/v2\/users\/2"}],"replies":[{"embeddable":true,"href":"https:\/\/www.radiopresidenteibanez.cl\/web\/wp-json\/wp\/v2\/comments?post=58238"}],"version-history":[{"count":0,"href":"https:\/\/www.radiopresidenteibanez.cl\/web\/wp-json\/wp\/v2\/posts\/58238\/revisions"}],"wp:featuredmedia":[{"embeddable":true,"href":"https:\/\/www.radiopresidenteibanez.cl\/web\/wp-json\/wp\/v2\/media\/58239"}],"wp:attachment":[{"href":"https:\/\/www.radiopresidenteibanez.cl\/web\/wp-json\/wp\/v2\/media?parent=58238"}],"wp:term":[{"taxonomy":"category","embeddable":true,"href":"https:\/\/www.radiopresidenteibanez.cl\/web\/wp-json\/wp\/v2\/categories?post=58238"},{"taxonomy":"post_tag","embeddable":true,"href":"https:\/\/www.radiopresidenteibanez.cl\/web\/wp-json\/wp\/v2\/tags?post=58238"}],"curies":[{"name":"wp","href":"https:\/\/api.w.org\/{rel}","templated":true}]}}