{"id":58235,"date":"2025-08-13T08:57:00","date_gmt":"2025-08-13T11:57:00","guid":{"rendered":"https:\/\/www.radiopresidenteibanez.cl\/web\/?p=58235"},"modified":"2025-08-13T08:43:19","modified_gmt":"2025-08-13T11:43:19","slug":"boletin-informativo-orbe-56","status":"publish","type":"post","link":"https:\/\/www.radiopresidenteibanez.cl\/web\/boletin-informativo-orbe-56\/","title":{"rendered":"BOLETIN INFORMATIVO ORBE"},"content":{"rendered":"\n<p>SANTIAGO.- La Federaci\u00f3n Regionalista Verde Social, FRVS, y<br>Acci\u00f3n Humanista, AH, anunciaron su decisi\u00f3n de retirarse de<br>las negociaciones por una lista parlamentaria \u00fanica con los<br>dem\u00e1s partidos del oficialismo. La noticia fue comunicada por<br>el diputado Jaime Mulet, FRVS, y su par Tom\u00e1s Hirsch, AH,<br>poniendo fin a la aspiraci\u00f3n de La Moneda y del comando de la<br>candidata presidencial, Jeannette Jara, de competir con un<br>frente unido en las pr\u00f3ximas elecciones.<\/p>\n\n\n\n<p>SANTIAGO.- Mulet explic\u00f3 que la decisi\u00f3n se debe a un \u00abba\u00f1o<br>de realidad\u00bb tras ocho meses de infructuosas negociaciones.<br>\u00abNosotros no presumimos m\u00e1s la fe de ninguno de los actores,<br>sino que creo -como lo plante\u00e9 y lo planteamos muchos de<br>nosotros desde un inicio- que es muy dif\u00edcil llegar a un<br>entendimiento entre nueve partidos. La derecha no pudo llegar<br>a un entendimiento en una lista con cinco partidos y no hemos<br>llegado a un entendimiento\u00bb, afirm\u00f3,<\/p>\n\n\n\n<p>SANTIAGO.- El legislador se\u00f1al\u00f3 que el \u00faltimo ejercicio de<br>negociaci\u00f3n no logr\u00f3 asegurar los m\u00ednimos para todas las<br>colectividades, dejando un \u00abd\u00e9ficit de 30 cupos\u00bb, por esto,<br>\u00abno ten\u00eda mucho sentido seguir\u00bb en conversaciones. Pese eso,<br>Mulet asegur\u00f3 que su colectividad no buscar\u00e1 da\u00f1ar a la<br>candidatura de Jara y anunci\u00f3 que formar\u00e1n una lista<br>\u00abalternativa\u00bb con partidos como el Partido Popular, el<br>Partido Animalista Alianza Verde Popular, con la idea de<br>\u00abensanchar\u00bb el apoyo a la abanderada.<\/p>\n\n\n\n<p>VALPARAISO.- Molestia generaron las declaraciones del<br>candidato presidencial Republicano, Jos\u00e9 Antonio Kast, quien<br>plante\u00f3 que el Parlamento \u00abno es tan relevante como ustedes<br>se imaginan\u00bb en un seminario de Moneda Patria Investments,<br>d\u00f3nde dijo que \u00abel Congreso es importante, pero no es tan<br>relevante como ustedes se imaginan. Estamos haciendo la<br>revisi\u00f3n de todas las potestades administrativas que tiene el<br>Estado, de todas las leyes que tienen sanciones incluidas que<br>nadie aplica\u00bb.<\/p>\n\n\n\n<p>VALPARAISO.- Ante eso, la diputada RN Ximena Ossand\u00f3n<br>manifest\u00f3 que Kast \u00abse equivoca, porque la Constituci\u00f3n en el<br>art\u00edculo 63 habla de todos aquellos temas que deben ser<br>tratados a trav\u00e9s de leyes\u00bb. Adem\u00e1s, a\u00f1adi\u00f3 que \u00abhay que<br>tener cuidado Que se empiece a instaurar que se puede<br>gobernar con decretos, porque eso es propio de los gobiernos<br>autoritarios\u00bb.<\/p>\n\n\n\n<p>VALPARAISO.- En tanto, el diputado UDI Jorge Alessandri<br>asever\u00f3 que \u00absi usted est\u00e1 llevando 60 candidatos al<br>Parlamento y despu\u00e9s est\u00e1 diciendo &#8216;voy a saltarme al<br>Parlamento&#8217;, \u00bfpara qu\u00e9 lleva esos 60 entonces? Yo creo que<br>hay que pedirle una explicaci\u00f3n, una bajada, un detalle,<br>porque esas peque\u00f1as frases son las que malinterpretadas van<br>minando nuestra democracia\u00bb.<\/p>\n","protected":false},"excerpt":{"rendered":"<p>SANTIAGO.- La Federaci\u00f3n Regionalista Verde Social, FRVS, yAcci\u00f3n Humanista, AH, anunciaron su decisi\u00f3n de retirarse delas negociaciones por una lista parlamentaria \u00fanica con losdem\u00e1s partidos del oficialismo. La noticia fue&#8230; <a class=\"read-more\" href=\"https:\/\/www.radiopresidenteibanez.cl\/web\/boletin-informativo-orbe-56\/\">Leer m\u00e1s<\/a><\/p>\n","protected":false},"author":2,"featured_media":58236,"comment_status":"closed","ping_status":"closed","sticky":false,"template":"","format":"standard","meta":{"footnotes":""},"categories":[1],"tags":[],"class_list":["post-58235","post","type-post","status-publish","format-standard","has-post-thumbnail","hentry","category-cronica"],"_links":{"self":[{"href":"https:\/\/www.radiopresidenteibanez.cl\/web\/wp-json\/wp\/v2\/posts\/58235","targetHints":{"allow":["GET"]}}],"collection":[{"href":"https:\/\/www.radiopresidenteibanez.cl\/web\/wp-json\/wp\/v2\/posts"}],"about":[{"href":"https:\/\/www.radiopresidenteibanez.cl\/web\/wp-json\/wp\/v2\/types\/post"}],"author":[{"embeddable":true,"href":"https:\/\/www.radiopresidenteibanez.cl\/web\/wp-json\/wp\/v2\/users\/2"}],"replies":[{"embeddable":true,"href":"https:\/\/www.radiopresidenteibanez.cl\/web\/wp-json\/wp\/v2\/comments?post=58235"}],"version-history":[{"count":0,"href":"https:\/\/www.radiopresidenteibanez.cl\/web\/wp-json\/wp\/v2\/posts\/58235\/revisions"}],"wp:featuredmedia":[{"embeddable":true,"href":"https:\/\/www.radiopresidenteibanez.cl\/web\/wp-json\/wp\/v2\/media\/58236"}],"wp:attachment":[{"href":"https:\/\/www.radiopresidenteibanez.cl\/web\/wp-json\/wp\/v2\/media?parent=58235"}],"wp:term":[{"taxonomy":"category","embeddable":true,"href":"https:\/\/www.radiopresidenteibanez.cl\/web\/wp-json\/wp\/v2\/categories?post=58235"},{"taxonomy":"post_tag","embeddable":true,"href":"https:\/\/www.radiopresidenteibanez.cl\/web\/wp-json\/wp\/v2\/tags?post=58235"}],"curies":[{"name":"wp","href":"https:\/\/api.w.org\/{rel}","templated":true}]}}