{"id":58232,"date":"2025-08-13T09:39:00","date_gmt":"2025-08-13T12:39:00","guid":{"rendered":"https:\/\/www.radiopresidenteibanez.cl\/web\/?p=58232"},"modified":"2025-08-13T08:40:43","modified_gmt":"2025-08-13T11:40:43","slug":"mas-de-mil-estudiantes-de-ensenanza-media-fueron-tomasinos-por-un-dia","status":"publish","type":"post","link":"https:\/\/www.radiopresidenteibanez.cl\/web\/mas-de-mil-estudiantes-de-ensenanza-media-fueron-tomasinos-por-un-dia\/","title":{"rendered":"M\u00e1s de mil estudiantes de ense\u00f1anza media fueron \u2018Tomasinos por un d\u00eda\u2019"},"content":{"rendered":"\n<p>Con el objetivo de acercar a los j\u00f3venes de ense\u00f1anza media a la experiencia de la educaci\u00f3n superior, Santo Tom\u00e1s Punta Arenas desarroll\u00f3 durante una semana la iniciativa \u2018Tomasino por 1 D\u00eda\u2019, instancia que este a\u00f1o recibi\u00f3 a m\u00e1s de mil estudiantes provenientes de 12 liceos t\u00e9cnico profesional y cient\u00edfico humanista.<\/p>\n\n\n\n<p>La actividad se realiz\u00f3 en la sede de Santo Tom\u00e1s, como parte de las acciones que la instituci\u00f3n implementa desde Arica a Punta Arenas, en alianza con el Ministerio de Educaci\u00f3n, a trav\u00e9s de la Red Futuro T\u00e9cnico Profesional. Este trabajo colaborativo se enmarca en la conmemoraci\u00f3n del Mes de la Educaci\u00f3n T\u00e9cnico Profesional, que en 2025 se desarrolla bajo el lema \u2018Despertando Vocaciones TP\u2019.<\/p>\n\n\n\n<p>Durante una semana, los estudiantes participaron en talleres te\u00f3rico-pr\u00e1cticos dictados por docentes y jefes de carrera de todas las \u00e1reas acad\u00e9micas. Adem\u00e1s, recorrieron laboratorios, salas de clases y distintos espacios de la instituci\u00f3n, recibiendo informaci\u00f3n sobre el proceso de admisi\u00f3n y beneficios estudiantiles.<\/p>\n\n\n\n<p>Daniela Torres, directora de Admisi\u00f3n y Asuntos Estudiantiles de Santo Tom\u00e1s Punta Arenas, destac\u00f3 que esta actividad \u201cse realiza en todas nuestras sedes para que los estudiantes puedan conocer las alternativas que tienen en la educaci\u00f3n superior en nuestra casa de estudios\u201d.<\/p>\n\n\n\n<p>La autoridad agreg\u00f3 que \u201ctenemos invitados de todos los establecimientos t\u00e9cnico profesionales, porque estamos en una alianza con el Ministerio de Educaci\u00f3n a trav\u00e9s de la Red Futuro T\u00e9cnico Profesional, potenciando las vocaciones de los estudiantes. Tambi\u00e9n recibimos colegios cient\u00edfico-humanistas que desean conocer nuestra oferta acad\u00e9mica. En total participaron m\u00e1s de mil estudiantes de estos liceos, quienes compartieron con docentes y estudiantes y conocieron el lado pr\u00e1ctico de lo que realizamos\u201d.<\/p>\n\n\n\n<p>Resalt\u00f3, adem\u00e1s, la importancia de \u201cabrir las puertas de la instituci\u00f3n para que reconozcan sus vocaciones y tomen una buena decisi\u00f3n sobre su futuro. Pueden informarse de los beneficios que entrega el Estado, ya que estamos adscritos a la gratuidad. Este a\u00f1o, el proceso de admisi\u00f3n inicia el 2 de octubre, y el \u00fanico requisito es contar con c\u00e9dula de identidad vigente y concentraci\u00f3n de notas de ense\u00f1anza media\u201d.<\/p>\n\n\n\n<p>Para el Seremi de Educaci\u00f3n, Valent\u00edn Aguilera, esta actividad refleja el esp\u00edritu del Mes de la Educaci\u00f3n T\u00e9cnico Profesional. \u201cEn este mes, cuyo lema es \u2018Despertando Vocaciones TP\u2019, los estudiantes de establecimientos t\u00e9cnico profesionales de la regi\u00f3n visitan distintas instituciones de educaci\u00f3n superior. Agradecemos la apertura de Santo Tom\u00e1s, donde los j\u00f3venes conocen diversas alternativas, a prop\u00f3sito de un desaf\u00edo que nos hemos planteado como gobierno: que los estudiantes TP, adem\u00e1s de estar capacitados para el mundo laboral, tambi\u00e9n puedan acceder a la educaci\u00f3n superior. Seguiremos acompa\u00f1ando este recorrido por distintas casas de estudio durante este mes\u201d, coment\u00f3.<\/p>\n\n\n\n<p><strong>La voz de los protagonistas<\/strong><\/p>\n\n\n\n<p>Entre los asistentes estuvo Yeiselin Salinas, estudiante del Liceo Mar\u00eda Behety, quien lleg\u00f3 desde Venezuela hace seis meses. \u201cEsta actividad me pareci\u00f3 muy creativa y nos llen\u00f3 de informaci\u00f3n que no sab\u00edamos. Fueron muy amables con nosotros y las actividades muy creativas. Me interes\u00f3 mucho la carrera de T\u00e9cnico en Enfermer\u00eda, m\u00e1s bien las chicas me explicaron muy bien c\u00f3mo inyectar, por ejemplo, y me ense\u00f1aron mucho\u201d.<\/p>\n\n\n\n<p>De esta forma, \u2018Tomasino por 1 D\u00eda\u2019 se consolida como una experiencia que abre puertas, entrega herramientas y permite a los j\u00f3venes proyectar su futuro acad\u00e9mico y profesional, en un mes que pone en valor la educaci\u00f3n t\u00e9cnico profesional como motor de desarrollo para la regi\u00f3n y el pa\u00eds.<\/p>\n","protected":false},"excerpt":{"rendered":"<p>Con el objetivo de acercar a los j\u00f3venes de ense\u00f1anza media a la experiencia de la educaci\u00f3n superior, Santo Tom\u00e1s Punta Arenas desarroll\u00f3 durante una semana la iniciativa \u2018Tomasino por&#8230; <a class=\"read-more\" href=\"https:\/\/www.radiopresidenteibanez.cl\/web\/mas-de-mil-estudiantes-de-ensenanza-media-fueron-tomasinos-por-un-dia\/\">Leer m\u00e1s<\/a><\/p>\n","protected":false},"author":2,"featured_media":58233,"comment_status":"closed","ping_status":"closed","sticky":false,"template":"","format":"standard","meta":{"footnotes":""},"categories":[1],"tags":[],"class_list":["post-58232","post","type-post","status-publish","format-standard","has-post-thumbnail","hentry","category-cronica"],"_links":{"self":[{"href":"https:\/\/www.radiopresidenteibanez.cl\/web\/wp-json\/wp\/v2\/posts\/58232","targetHints":{"allow":["GET"]}}],"collection":[{"href":"https:\/\/www.radiopresidenteibanez.cl\/web\/wp-json\/wp\/v2\/posts"}],"about":[{"href":"https:\/\/www.radiopresidenteibanez.cl\/web\/wp-json\/wp\/v2\/types\/post"}],"author":[{"embeddable":true,"href":"https:\/\/www.radiopresidenteibanez.cl\/web\/wp-json\/wp\/v2\/users\/2"}],"replies":[{"embeddable":true,"href":"https:\/\/www.radiopresidenteibanez.cl\/web\/wp-json\/wp\/v2\/comments?post=58232"}],"version-history":[{"count":0,"href":"https:\/\/www.radiopresidenteibanez.cl\/web\/wp-json\/wp\/v2\/posts\/58232\/revisions"}],"wp:featuredmedia":[{"embeddable":true,"href":"https:\/\/www.radiopresidenteibanez.cl\/web\/wp-json\/wp\/v2\/media\/58233"}],"wp:attachment":[{"href":"https:\/\/www.radiopresidenteibanez.cl\/web\/wp-json\/wp\/v2\/media?parent=58232"}],"wp:term":[{"taxonomy":"category","embeddable":true,"href":"https:\/\/www.radiopresidenteibanez.cl\/web\/wp-json\/wp\/v2\/categories?post=58232"},{"taxonomy":"post_tag","embeddable":true,"href":"https:\/\/www.radiopresidenteibanez.cl\/web\/wp-json\/wp\/v2\/tags?post=58232"}],"curies":[{"name":"wp","href":"https:\/\/api.w.org\/{rel}","templated":true}]}}