{"id":58229,"date":"2025-08-13T08:19:00","date_gmt":"2025-08-13T11:19:00","guid":{"rendered":"https:\/\/www.radiopresidenteibanez.cl\/web\/?p=58229"},"modified":"2025-08-13T08:12:33","modified_gmt":"2025-08-13T11:12:33","slug":"gran-fiesta-del-dia-de-la-ninez-un-sabado-para-celebrar-en-familia","status":"publish","type":"post","link":"https:\/\/www.radiopresidenteibanez.cl\/web\/gran-fiesta-del-dia-de-la-ninez-un-sabado-para-celebrar-en-familia\/","title":{"rendered":"\u00a1Gran Fiesta del D\u00eda de la Ni\u00f1ez! Un s\u00e1bado para celebrar en familia"},"content":{"rendered":"\n<p>Este s\u00e1bado 23 de agosto, el Gimnasio Fiscal se transformar\u00e1 en un verdadero parque de diversiones, alegr\u00eda y sorpresas, con una jornada especialmente pensada para ni\u00f1as, ni\u00f1os y sus familias.<br>Con la alegr\u00eda como protagonista y las puertas abiertas para toda la comunidad, el Gimnasio Fiscal<br>ser\u00e1 el epicentro de la gran celebraci\u00f3n del D\u00eda de la Ni\u00f1ez en la regi\u00f3n de Magallanes. Desde las<br>15:30 hasta las 18:30 horas, ni\u00f1os, ni\u00f1as y familias podr\u00e1n disfrutar de una jornada gratuita y<br>repleta de actividades recreativas, deportivas y culturales, organizadas especialmente para ellos y<br>ellas.<br>En un punto de prensa realizado hoy en dependencias del Gimnasio Fiscal, el Delegado<br>Presidencial Regional, Jos\u00e9 Ruiz Pivcevic, extendi\u00f3 la invitaci\u00f3n a la comunidad: \u201cHacemos un<br>llamado a toda la comunidad a sumarse este s\u00e1bado en el Gimnasio Fiscal, desde las 3 y media de<br>la tarde. Es una actividad pensada para los ni\u00f1os y ni\u00f1as de nuestra regi\u00f3n, con espacios motrices,<br>juegos inflables, pinta caritas, alimentaci\u00f3n saludable, y mucho m\u00e1s. Agradecemos especialmente<br>a todas las instituciones que se pusieron a disposici\u00f3n, incluyendo Fuerzas Armadas, Gendarmer\u00eda<br>y servicios p\u00fablicos que aportar\u00e1n con sus capacidades y espacios para que esta jornada sea<br>inolvidable\u201d.<br>Este evento ha sido posible gracias a la coordinaci\u00f3n entre m\u00faltiples entidades p\u00fablicas, privadas y<br>de la sociedad civil, todas unidas por un objetivo com\u00fan: celebrar la ni\u00f1ez y fortalecer los lazos<br>familiares.<br>El Director del Instituto Nacional de Deportes (IND), H\u00e9ctor Serka, valor\u00f3 el esfuerzo colectivo<br>detr\u00e1s de la actividad: \u201cDurante todo el a\u00f1o, con el programa Crecer en Movimiento, estamos con<br>los ni\u00f1os de la regi\u00f3n, pero esta es una fiesta muy particular. Nos alegra ver c\u00f3mo tanto<br>instituciones p\u00fablicas como privadas se han sumado a esta convocatoria. Vamos a estar desde<br>muy temprano armando los stands, y esto no termina hasta que todos los ni\u00f1os vuelvan contentos<br>\u2014y muy cansados\u2014 a sus casas despu\u00e9s de pasarlo muy bien\u201d.<br>El IND y la Seremi del Deporte han sido pilares en la organizaci\u00f3n de este encuentro. Alejandro<br>Olate Levet, Seremi del Deporte, lo resume as\u00ed: \u201cEste es un verdadero regalo en el mes de la ni\u00f1ez.<br>No hay edades para disfrutar: vienen los m\u00e1s chiquititos, adolescentes, adultos y adultos mayores.<\/p>\n\n\n\n<p>Todos est\u00e1n invitados. Los servicios p\u00fablicos, las Fuerzas Armadas, Junji, Integra, Salud, todos<br>estamos involucrados. Esta es nuestra costumbre: dar buenas noticias a la comunidad\u201d.<br>La diversi\u00f3n est\u00e1 asegurada para grandes y chicos, considerando que entre las muchas atracciones<br>confirmadas para este s\u00e1bado, destacan: Simulador de vuelo (Fuerza A\u00e9rea de Chile), Exposici\u00f3n<br>de carros bomba y participaci\u00f3n de Bomberos. Muestra canina de Gendarmer\u00eda, Juegos inflables,<br>espacios deportivos y motrices, Pinta caritas, pompones, cheerleaders y corp\u00f3reos, Exhibiciones<br>de esgrima, break dance y baile, Paseo de motos, Stands interactivos de instituciones como<br>Ej\u00e9rcito, Carabineros, Armada, PDI, SAG, Junji, Integra, Seremi de Salud, Servicio de Salud, Club de<br>Leones, Radio Controlados, Banco Estado, Red Formativa, y muchos m\u00e1s.<br>Y como gran innovaci\u00f3n, se dispondr\u00e1 de una sala divergente, un espacio de contenci\u00f3n y<br>tranquilidad especialmente pensado para ni\u00f1os y ni\u00f1as del espectro autista, garantizando as\u00ed una<br>experiencia inclusiva y respetuosa con todas las diversidades.<br>Adem\u00e1s, el evento contar\u00e1 con ambulancia y enfermer\u00eda para resguardar la seguridad y bienestar<br>de los asistentes.<br>\u00a1Toda la familia est\u00e1 invitada!<br>Este s\u00e1bado no hay excusas. La invitaci\u00f3n est\u00e1 hecha para todos los rincones de la regi\u00f3n y para<br>todas las edades. La magia, el juego y la alegr\u00eda estar\u00e1n presentes en cada rinc\u00f3n del Gimnasio<br>Fiscal.<br>\u201cEstimamos una asistencia cercana a las 1.200 personas, entre ni\u00f1os y familias. Es un evento<br>pensado para todos, no solo para los m\u00e1s peque\u00f1os, sino para que toda la familia disfrute. Habr\u00e1<br>actividades tanto al interior como al exterior del gimnasio.\u201d, agreg\u00f3 H\u00e9ctor Serka.<\/p>\n","protected":false},"excerpt":{"rendered":"<p>Este s\u00e1bado 23 de agosto, el Gimnasio Fiscal se transformar\u00e1 en un verdadero parque de diversiones, alegr\u00eda y sorpresas, con una jornada especialmente pensada para ni\u00f1as, ni\u00f1os y sus familias.Con&#8230; <a class=\"read-more\" href=\"https:\/\/www.radiopresidenteibanez.cl\/web\/gran-fiesta-del-dia-de-la-ninez-un-sabado-para-celebrar-en-familia\/\">Leer m\u00e1s<\/a><\/p>\n","protected":false},"author":2,"featured_media":58230,"comment_status":"closed","ping_status":"closed","sticky":false,"template":"","format":"standard","meta":{"footnotes":""},"categories":[1],"tags":[],"class_list":["post-58229","post","type-post","status-publish","format-standard","has-post-thumbnail","hentry","category-cronica"],"_links":{"self":[{"href":"https:\/\/www.radiopresidenteibanez.cl\/web\/wp-json\/wp\/v2\/posts\/58229","targetHints":{"allow":["GET"]}}],"collection":[{"href":"https:\/\/www.radiopresidenteibanez.cl\/web\/wp-json\/wp\/v2\/posts"}],"about":[{"href":"https:\/\/www.radiopresidenteibanez.cl\/web\/wp-json\/wp\/v2\/types\/post"}],"author":[{"embeddable":true,"href":"https:\/\/www.radiopresidenteibanez.cl\/web\/wp-json\/wp\/v2\/users\/2"}],"replies":[{"embeddable":true,"href":"https:\/\/www.radiopresidenteibanez.cl\/web\/wp-json\/wp\/v2\/comments?post=58229"}],"version-history":[{"count":0,"href":"https:\/\/www.radiopresidenteibanez.cl\/web\/wp-json\/wp\/v2\/posts\/58229\/revisions"}],"wp:featuredmedia":[{"embeddable":true,"href":"https:\/\/www.radiopresidenteibanez.cl\/web\/wp-json\/wp\/v2\/media\/58230"}],"wp:attachment":[{"href":"https:\/\/www.radiopresidenteibanez.cl\/web\/wp-json\/wp\/v2\/media?parent=58229"}],"wp:term":[{"taxonomy":"category","embeddable":true,"href":"https:\/\/www.radiopresidenteibanez.cl\/web\/wp-json\/wp\/v2\/categories?post=58229"},{"taxonomy":"post_tag","embeddable":true,"href":"https:\/\/www.radiopresidenteibanez.cl\/web\/wp-json\/wp\/v2\/tags?post=58229"}],"curies":[{"name":"wp","href":"https:\/\/api.w.org\/{rel}","templated":true}]}}