{"id":58225,"date":"2025-08-12T18:49:00","date_gmt":"2025-08-12T21:49:00","guid":{"rendered":"https:\/\/www.radiopresidenteibanez.cl\/web\/?p=58225"},"modified":"2025-08-12T11:31:13","modified_gmt":"2025-08-12T14:31:13","slug":"poblacion-nelda-panicucci-fue-seleccionada-por-el-programa-quiero-mi-barrio-del-minvu","status":"publish","type":"post","link":"https:\/\/www.radiopresidenteibanez.cl\/web\/poblacion-nelda-panicucci-fue-seleccionada-por-el-programa-quiero-mi-barrio-del-minvu\/","title":{"rendered":"Poblaci\u00f3n Nelda Panicucci fue seleccionada por el Programa Quiero Mi Barrio del Minvu"},"content":{"rendered":"\n<p>La poblaci\u00f3n Nelda Panicucci, se emplaza al sur poniente de Punta Arenas en una superficie de 14 hect\u00e1reas y en la actualidad est\u00e1 conformada por 540 viviendas que albergan a 1.715 habitantes, aproximadamente. El conjunto habitacional fue inaugurado el a\u00f1o 2009, recibiendo su nombre como homenaje p\u00f3stumo a la destacada profesora, Alcaldesa e Intendenta Regional, fallecida en abril de 2008.<\/p>\n\n\n\n<p>\u00abCon mucha alegr\u00eda informamos la selecci\u00f3n de la poblaci\u00f3n Nelda Panicucci al Programa Quiero Mi Barrio, especialmente por estar inserta en un sector en el que se est\u00e1 desarrollando una fuerte inversi\u00f3n p\u00fablica. Me refiero a nuestra Zona de Inter\u00e9s P\u00fablico al sur de Punta Arenas, en donde se est\u00e1 ejecutando hoy la Ciudad de Los Vientos y que en el futuro pr\u00f3ximo contar\u00e1 con una urbanizaci\u00f3n de gran impacto, con la llegada de recintos educacionales, de salud y espacios p\u00fablicos que beneficiar\u00e1n e integrar\u00e1n directamente a la poblaci\u00f3n\u00bb, inform\u00f3 el Seremi Marco Uribe Saldivia.<\/p>\n\n\n\n<p>Entre los factores ponderados para la elegibilidad de los barrios, se consideran criterios tales como el compromiso de la gesti\u00f3n municipal y vecinal, accesibilidad a \u00e1reas verdes y equipamiento comunitario y deportivo, indicadores de deterioro f\u00edsico y espacial del territorio, oferta de cuidados, propuestas de inversi\u00f3n multisectorial y propuesta municipal de oficina barrial en el territorio.<\/p>\n\n\n\n<p>\u201cEstamos convencidos que los habitantes de la poblaci\u00f3n Nelda Panicucci, as\u00ed como de otros barrios del sector sur, no deben quedar postergados del desarrollo de la capital regional y en ese sentido el Programa Quiero Mi Barrio nos permitir\u00e1 potenciar de manera participativa, su desarrollo urbano y social en los pr\u00f3ximos a\u00f1os\u201d, complement\u00f3 la autoridad.<\/p>\n\n\n\n<p>El jurado regional a cargo de seleccionar al barrio, en base a la propuesta t\u00e9cnica del equipo del Programa, estuvo integrada por el Seremi de Vivienda y Urbanismo, Marco Uribe Saldivia; la jefa de la Divisi\u00f3n de Infraestructura y Transporte del Gobierno Regional, Hina Carabantes Hern\u00e1ndez; la representante de la Delegaci\u00f3n Presidencial Provincial, Camila Mancilla Quediman; el Seremi de Desarrollo Social y Familia, Danilo Mimica Mancilla; el Seremi de Obras P\u00fablicas, Jos\u00e9 Luis Hern\u00e1ndez Vera; la Seremi de Econom\u00eda, Fomento y Turismo, Marlene Espa\u00f1a Miranda; y el representante de la Subsecretar\u00eda de Desarrollo Regional, Esteban Maldonado C\u00e1rdenas.<\/p>\n\n\n\n<p>Este a\u00f1o, las dos propuestas presentadas al concurso por los respectivos municipios fueron \u201cNueva Patagonia\u201d de Natales y \u201cNelda Panicucci Bianchi\u201d, de Punta Arenas.<\/p>\n\n\n\n<p><strong>\u201cSo\u00f1ar y construir una comunidad activa\u201d<\/strong><strong><\/strong><\/p>\n\n\n\n<p>En nombre de la comunidad del sector, la presidenta de la junta de vecinos N\u00b050 Nelda Panicucci, Marta Tri\u00f1anes C\u00f3rdova, se\u00f1al\u00f3 \u201cEsta iniciativa representa una gran oportunidad para mejorar nuestro entorno social y urbano del barrio, nos permite, recuperar \u00e1reas verdes, espacios fundamentales para la recreaci\u00f3n y esparcimiento de nuestros vecinos y vecinas y desarrollar una vida comunitaria bien activa. Impulsa nuevas oportunidades para nuestros ni\u00f1os y ni\u00f1as, fomentando su desarrollo integral\u201d.<\/p>\n\n\n\n<p>La dirigente destac\u00f3 adem\u00e1s el componente participativo de este programa \u201cLo m\u00e1s importante de todo esto es que se realiza con la participaci\u00f3n activa de los vecinos, todos pueden votar y decidir qu\u00e9 \u00e1reas y qu\u00e9 trabajo se prioriza dentro de nuestro barrio. Por lo tanto, consideramos que es un momento clave para so\u00f1ar y construir una comunidad activa y cercana, sobre todo con el Programa Quiero Mi Barrio, as\u00ed que los invitamos a estar atentos y cercanos a las actividades que se desarrollan en nuestra junta de vecinos.<\/p>\n\n\n\n<p>La Poblaci\u00f3n Nelda Panicucci, se suma a los barrios Fitz Roy y Pedro Aguirre Cerda seleccionados por el Programa Quiero Mi Barrio en los \u00faltimos a\u00f1os, el primero, colindante a la Zona de Inter\u00e9s P\u00fablico (ZIP) sector sur de Punta Arenas y el segundo inserto en su \u00e1rea. Adem\u00e1s, el programa se est\u00e1 implementando en Juan Pablo II, Camilo Henr\u00edquez y Villa del Mar en la capital regional y en el Barrio Chile Nuevo, en la comuna de Natales.<\/p>\n","protected":false},"excerpt":{"rendered":"<p>La poblaci\u00f3n Nelda Panicucci, se emplaza al sur poniente de Punta Arenas en una superficie de 14 hect\u00e1reas y en la actualidad est\u00e1 conformada por 540 viviendas que albergan a&#8230; <a class=\"read-more\" href=\"https:\/\/www.radiopresidenteibanez.cl\/web\/poblacion-nelda-panicucci-fue-seleccionada-por-el-programa-quiero-mi-barrio-del-minvu\/\">Leer m\u00e1s<\/a><\/p>\n","protected":false},"author":2,"featured_media":58226,"comment_status":"closed","ping_status":"closed","sticky":false,"template":"","format":"standard","meta":{"footnotes":""},"categories":[1],"tags":[],"class_list":["post-58225","post","type-post","status-publish","format-standard","has-post-thumbnail","hentry","category-cronica"],"_links":{"self":[{"href":"https:\/\/www.radiopresidenteibanez.cl\/web\/wp-json\/wp\/v2\/posts\/58225","targetHints":{"allow":["GET"]}}],"collection":[{"href":"https:\/\/www.radiopresidenteibanez.cl\/web\/wp-json\/wp\/v2\/posts"}],"about":[{"href":"https:\/\/www.radiopresidenteibanez.cl\/web\/wp-json\/wp\/v2\/types\/post"}],"author":[{"embeddable":true,"href":"https:\/\/www.radiopresidenteibanez.cl\/web\/wp-json\/wp\/v2\/users\/2"}],"replies":[{"embeddable":true,"href":"https:\/\/www.radiopresidenteibanez.cl\/web\/wp-json\/wp\/v2\/comments?post=58225"}],"version-history":[{"count":0,"href":"https:\/\/www.radiopresidenteibanez.cl\/web\/wp-json\/wp\/v2\/posts\/58225\/revisions"}],"wp:featuredmedia":[{"embeddable":true,"href":"https:\/\/www.radiopresidenteibanez.cl\/web\/wp-json\/wp\/v2\/media\/58226"}],"wp:attachment":[{"href":"https:\/\/www.radiopresidenteibanez.cl\/web\/wp-json\/wp\/v2\/media?parent=58225"}],"wp:term":[{"taxonomy":"category","embeddable":true,"href":"https:\/\/www.radiopresidenteibanez.cl\/web\/wp-json\/wp\/v2\/categories?post=58225"},{"taxonomy":"post_tag","embeddable":true,"href":"https:\/\/www.radiopresidenteibanez.cl\/web\/wp-json\/wp\/v2\/tags?post=58225"}],"curies":[{"name":"wp","href":"https:\/\/api.w.org\/{rel}","templated":true}]}}