{"id":58222,"date":"2025-08-12T17:08:00","date_gmt":"2025-08-12T20:08:00","guid":{"rendered":"https:\/\/www.radiopresidenteibanez.cl\/web\/?p=58222"},"modified":"2025-08-12T11:24:00","modified_gmt":"2025-08-12T14:24:00","slug":"autoridades-invitan-a-participar-en-encuesta-web-diversidades-del-ine","status":"publish","type":"post","link":"https:\/\/www.radiopresidenteibanez.cl\/web\/autoridades-invitan-a-participar-en-encuesta-web-diversidades-del-ine\/","title":{"rendered":"Autoridades invitan a participar en Encuesta Web Diversidades del INE"},"content":{"rendered":"\n<p>Con el objetivo de promover la participaci\u00f3n en la <strong>Encuesta Web Diversidades<\/strong>, este martes se realiz\u00f3 en Punta Arenas una jornada informativa encabezada por el <strong>Instituto Nacional de Estad\u00edsticas (INE)<\/strong>, junto a la <strong>Secretar\u00eda Regional Ministerial de la Mujer y la Equidad de G\u00e9nero<\/strong> y la <strong>Direcci\u00f3n de G\u00e9nero de la Universidad de Magallanes<\/strong>.<\/p>\n\n\n\n<p>Se trata del primer levantamiento estad\u00edstico a nivel nacional dirigido exclusivamente a personas de <strong>diversidades sexuales y de g\u00e9nero<\/strong> mayores de 14 a\u00f1os. La encuesta es <strong>auto aplicada, an\u00f3nima, confidencial y voluntaria<\/strong>, y estar\u00e1 disponible hasta septiembre a trav\u00e9s del sitio web del INE. Su prop\u00f3sito es generar informaci\u00f3n clave para el dise\u00f1o de <strong>pol\u00edticas p\u00fablicas inclusivas y basadas en evidencia<\/strong>.<\/p>\n\n\n\n<p>El <strong>Director Regional del INE<\/strong>, Zalo L\u00f3pez Palavecino destac\u00f3 que \u201c<em>La encuesta est\u00e1 disponible en la p\u00e1gina del INE <\/em><a href=\"https:\/\/www.ine.gob.cl\/encuestadiversidades\"><em>https:\/\/www.ine.gob.cl\/encuestadiversidades<\/em><\/a><em> , como organismo t\u00e9cnico que se encarga de procesar y difundir las estad\u00edsticas del pa\u00eds, asumimos este compromiso de levantar esta informaci\u00f3n\u201d<\/em>. A dem\u00e1s agreg\u00f3 <em>\u201cLos procesos estad\u00edsticos son transversales, en esta etapa estamos levantando la informaci\u00f3n, el primer semestre del 2026 entregamos esta informaci\u00f3n, la que va a poder ser utilizada en futuras pol\u00edticas p\u00fablicas en adelante.\u201d<\/em><\/p>\n\n\n\n<p>Por su parte, la <strong>Seremi de la Mujer y Equidad de G\u00e9nero, Alejandra Ruiz Ovando<\/strong>, valor\u00f3 el trabajo conjunto y el enfoque territorial de la iniciativa: \u201c<em>Por primera vez en nuestro pa\u00eds vamos a tener una consulta que es l\u00ednea para las diversidades sexuales y de g\u00e9nero<\/em>. <em>Desde el Ministerio impulsamos con fuerza el levantamiento de datos desagregados, porque sin informaci\u00f3n no hay pol\u00edticas efectivas. Esta encuesta permitir\u00e1 visibilizar realidades muchas veces omitidas y avanzar en acciones concretas para erradicar las desigualdades y violencias que viven las diversidades en la regi\u00f3n\u201d.<\/em><\/p>\n\n\n\n<p>Desde la <strong>Direcci\u00f3n de G\u00e9nero y DDHH de la UMAG<\/strong>, su directora, Sintia Orellana Y\u00e9venes, enfatiz\u00f3 el rol de distintas instituciones como aliadas en estos procesos: <em>\u201cComo Universidad de Magallanes estamos apoyando en toda la difusi\u00f3n y en compartir la encuesta en redes sociales, y todos lo mecanismo que tenemos para comunicar, y queremos hacer un llamado especialmente a que los estudiantes contesten\u201d <\/em>cerr\u00f3 <em>\u201cEs muy relevante para nosotras como direcci\u00f3n de g\u00e9nero, porque nos va a permitir visibilizar las diversidades sexo gen\u00e9ricas y tambi\u00e9n en la \u00faltima etapa de la encuesta, se consulta respecto a situaci\u00f3n de discriminaci\u00f3n y eso es muy relevante poder conocer esos antecedentes.<\/em><\/p>\n","protected":false},"excerpt":{"rendered":"<p>Con el objetivo de promover la participaci\u00f3n en la Encuesta Web Diversidades, este martes se realiz\u00f3 en Punta Arenas una jornada informativa encabezada por el Instituto Nacional de Estad\u00edsticas (INE),&#8230; <a class=\"read-more\" href=\"https:\/\/www.radiopresidenteibanez.cl\/web\/autoridades-invitan-a-participar-en-encuesta-web-diversidades-del-ine\/\">Leer m\u00e1s<\/a><\/p>\n","protected":false},"author":2,"featured_media":58223,"comment_status":"closed","ping_status":"closed","sticky":false,"template":"","format":"standard","meta":{"footnotes":""},"categories":[1],"tags":[],"class_list":["post-58222","post","type-post","status-publish","format-standard","has-post-thumbnail","hentry","category-cronica"],"_links":{"self":[{"href":"https:\/\/www.radiopresidenteibanez.cl\/web\/wp-json\/wp\/v2\/posts\/58222","targetHints":{"allow":["GET"]}}],"collection":[{"href":"https:\/\/www.radiopresidenteibanez.cl\/web\/wp-json\/wp\/v2\/posts"}],"about":[{"href":"https:\/\/www.radiopresidenteibanez.cl\/web\/wp-json\/wp\/v2\/types\/post"}],"author":[{"embeddable":true,"href":"https:\/\/www.radiopresidenteibanez.cl\/web\/wp-json\/wp\/v2\/users\/2"}],"replies":[{"embeddable":true,"href":"https:\/\/www.radiopresidenteibanez.cl\/web\/wp-json\/wp\/v2\/comments?post=58222"}],"version-history":[{"count":0,"href":"https:\/\/www.radiopresidenteibanez.cl\/web\/wp-json\/wp\/v2\/posts\/58222\/revisions"}],"wp:featuredmedia":[{"embeddable":true,"href":"https:\/\/www.radiopresidenteibanez.cl\/web\/wp-json\/wp\/v2\/media\/58223"}],"wp:attachment":[{"href":"https:\/\/www.radiopresidenteibanez.cl\/web\/wp-json\/wp\/v2\/media?parent=58222"}],"wp:term":[{"taxonomy":"category","embeddable":true,"href":"https:\/\/www.radiopresidenteibanez.cl\/web\/wp-json\/wp\/v2\/categories?post=58222"},{"taxonomy":"post_tag","embeddable":true,"href":"https:\/\/www.radiopresidenteibanez.cl\/web\/wp-json\/wp\/v2\/tags?post=58222"}],"curies":[{"name":"wp","href":"https:\/\/api.w.org\/{rel}","templated":true}]}}