{"id":58219,"date":"2025-08-12T15:58:00","date_gmt":"2025-08-12T18:58:00","guid":{"rendered":"https:\/\/www.radiopresidenteibanez.cl\/web\/?p=58219"},"modified":"2025-08-12T11:16:56","modified_gmt":"2025-08-12T14:16:56","slug":"se-instala-espacio-de-difusion-contra-el-trafico-de-bienes-patrimoniales-en-complejo-fronterizo-san-sebastian","status":"publish","type":"post","link":"https:\/\/www.radiopresidenteibanez.cl\/web\/se-instala-espacio-de-difusion-contra-el-trafico-de-bienes-patrimoniales-en-complejo-fronterizo-san-sebastian\/","title":{"rendered":"Se instala espacio de difusi\u00f3n contra el tr\u00e1fico de bienes patrimoniales en Complejo Fronterizo San Sebastian"},"content":{"rendered":"\n<p>La Delegaci\u00f3n Presidencial Provincial de Tierra del Fuego, junto a sus equipos de la Unidad de Pasos Fronterizos y comunicaciones, realizaron el lanzamiento de una campa\u00f1a de difusi\u00f3n para dar a conocer la Ley 17.288 de Monumentos Nacionales respecto al tr\u00e1fico il\u00edcito de bienes patrimoniales. Lo anterior, incluye la apropiaci\u00f3n indebida, robo, hurto, exportaci\u00f3n o importaci\u00f3n ilegal, delitos que la ley busca sancionar.<br>En este contexto, se realiza la Mesa de Bienes Patrimoniales de Magallanes, una\u00a0instancia de<br>trabajo que busca combatir esta problem\u00e1tica en los pasos fronterizos de la Regi\u00f3n y que es<br>impulsada por el Servicio del Patrimonio Cultural (Serpat) con la participaci\u00f3n de distintas<br>instituciones involucradas en el tema, entre ellas la Delegaci\u00f3n Presidencial Provincial de Tierra del<br>Fuego.<br>\u201cEstamos dando cumplimiento a un compromiso con la Mesa Regional, lo que estamos<br>inaugurando hoy d\u00eda ac\u00e1 en el complejo San Sebasti\u00e1n es una muestra con los principales<br>artefactos que hay en nuestra zona, con el fin que la ciudadan\u00eda tanto nacional como extranjera<br>puedan ver aquellos bienes que no se deben transitar ni dentro ni fuera del pa\u00eds. Este es un<br>patrimonio que es de todos los chilenos y que debemos cuidar\u201d, se\u00f1al\u00f3 el delegado presidencia<br>provincial de Tierra del Fuego, Jos\u00e9 Campos Prieto.<br>La iniciativa de difusi\u00f3n en el complejo fronterizo cuenta con diversas r\u00e9plicas de bienes<br>patrimoniales arqueol\u00f3gicos que com\u00fanmente son extra\u00eddos de sus entornos para ser traspasados<br>de manera ilegal de un pa\u00eds a otro. La muestra alberga ejemplos de boleadoras, f\u00f3siles, puntas de<br>flechas entre otros vestigios del periodo prehisp\u00e1nico. Adem\u00e1s de la instalaci\u00f3n de una pantalla<br>que transmite contenido complementario a la exposici\u00f3n.<br>La ley establece mecanismos para la protecci\u00f3n, conservaci\u00f3n y difusi\u00f3n del patrimonio, as\u00ed como<br>para la investigaci\u00f3n de delitos relacionados con su tr\u00e1fico ilegal. Es por ello que el delegado<br>presidencial Jos\u00e9 Campos Prieto, sum\u00f3 a la instituci\u00f3n con este espacio recociendo la importancia<br>de entregar informaci\u00f3n directa a quienes pasan por la frontera entre Chile y Argentina: \u201cEs muy<br>relevante esta inauguraci\u00f3n ya que damos a conocer algunos de los bienes patrimoniales m\u00e1s<br>relevantes de nuestra zona. Cuidar el patrimonio, es cuidar nuestra historia, es cuidar nuestra<br>cultura, pero tambi\u00e9n parte de lo que nuestro turismo\u201d.<\/p>\n","protected":false},"excerpt":{"rendered":"<p>La Delegaci\u00f3n Presidencial Provincial de Tierra del Fuego, junto a sus equipos de la Unidad de Pasos Fronterizos y comunicaciones, realizaron el lanzamiento de una campa\u00f1a de difusi\u00f3n para dar&#8230; <a class=\"read-more\" href=\"https:\/\/www.radiopresidenteibanez.cl\/web\/se-instala-espacio-de-difusion-contra-el-trafico-de-bienes-patrimoniales-en-complejo-fronterizo-san-sebastian\/\">Leer m\u00e1s<\/a><\/p>\n","protected":false},"author":2,"featured_media":58220,"comment_status":"closed","ping_status":"closed","sticky":false,"template":"","format":"standard","meta":{"footnotes":""},"categories":[1],"tags":[],"class_list":["post-58219","post","type-post","status-publish","format-standard","has-post-thumbnail","hentry","category-cronica"],"_links":{"self":[{"href":"https:\/\/www.radiopresidenteibanez.cl\/web\/wp-json\/wp\/v2\/posts\/58219","targetHints":{"allow":["GET"]}}],"collection":[{"href":"https:\/\/www.radiopresidenteibanez.cl\/web\/wp-json\/wp\/v2\/posts"}],"about":[{"href":"https:\/\/www.radiopresidenteibanez.cl\/web\/wp-json\/wp\/v2\/types\/post"}],"author":[{"embeddable":true,"href":"https:\/\/www.radiopresidenteibanez.cl\/web\/wp-json\/wp\/v2\/users\/2"}],"replies":[{"embeddable":true,"href":"https:\/\/www.radiopresidenteibanez.cl\/web\/wp-json\/wp\/v2\/comments?post=58219"}],"version-history":[{"count":0,"href":"https:\/\/www.radiopresidenteibanez.cl\/web\/wp-json\/wp\/v2\/posts\/58219\/revisions"}],"wp:featuredmedia":[{"embeddable":true,"href":"https:\/\/www.radiopresidenteibanez.cl\/web\/wp-json\/wp\/v2\/media\/58220"}],"wp:attachment":[{"href":"https:\/\/www.radiopresidenteibanez.cl\/web\/wp-json\/wp\/v2\/media?parent=58219"}],"wp:term":[{"taxonomy":"category","embeddable":true,"href":"https:\/\/www.radiopresidenteibanez.cl\/web\/wp-json\/wp\/v2\/categories?post=58219"},{"taxonomy":"post_tag","embeddable":true,"href":"https:\/\/www.radiopresidenteibanez.cl\/web\/wp-json\/wp\/v2\/tags?post=58219"}],"curies":[{"name":"wp","href":"https:\/\/api.w.org\/{rel}","templated":true}]}}