{"id":58216,"date":"2025-08-12T14:39:00","date_gmt":"2025-08-12T17:39:00","guid":{"rendered":"https:\/\/www.radiopresidenteibanez.cl\/web\/?p=58216"},"modified":"2025-08-12T11:09:35","modified_gmt":"2025-08-12T14:09:35","slug":"atenciones-del-sector-justicia-se-trasladan-este-jueves-14-hasta-la-universidad-de-magallanes","status":"publish","type":"post","link":"https:\/\/www.radiopresidenteibanez.cl\/web\/atenciones-del-sector-justicia-se-trasladan-este-jueves-14-hasta-la-universidad-de-magallanes\/","title":{"rendered":"ATENCIONES DEL SECTOR JUSTICIA SE TRASLADAN ESTE JUEVES 14 HASTA LA UNIVERSIDAD DE MAGALLANES"},"content":{"rendered":"\n<p>Este jueves 14, de 09:00 a 11:00 horas, las dependencias de la Universidad de Magallanes (Patio<br>del Edificio de Humanidades) se abrir\u00e1n para albergar una nueva \u201cPlaza de Justicia y Derechos<br>Humanos\u201d, instancia de participaci\u00f3n ciudadana destinada a responder dudas, brindar orientaci\u00f3n<br>y gestionar tr\u00e1mites, junto con difundir el quehacer del Ministerio de Justicia y DD.HH.<br>La Seremi del ramo, Michelle Peutat Alvarado, formul\u00f3 un llamado a la ciudadan\u00eda, y en especial a<br>la comunidad educativa de esta Casa de Estudios, a hacerse parte de este operativo en terreno<br>que contar\u00e1 con la totalidad de los servicios de la cartera de Justicia. Como es habitual, esta<br>und\u00e9cima \u201cPlaza de Justicia y DD.HH.\u201d del a\u00f1o estar\u00e1 abierta a diversas prestaciones como:<br>orientaci\u00f3n jur\u00eddica gratuita en los \u00e1mbitos de familia, civil, laboral y penal; obtenci\u00f3n de c\u00e9dulas<br>de identidad y pasaportes, Clave \u00danica y certificados del Registro Civil; informaci\u00f3n del proceso de<br>eliminaci\u00f3n de antecedentes penales, entre otras.<br>En la jornada del jueves se har\u00e1n presentes: el Servicio de Registro Civil e Identificaci\u00f3n, la<br>Corporaci\u00f3n de Asistencia Judicial, Gendarmer\u00eda de Chile, Defensor\u00eda Penal P\u00fablica, Servicio<br>Nacional de Reinserci\u00f3n Social Juvenil y Servicio M\u00e9dico Legal. A ellos se sumar\u00e1n como invitados<br>el Servicio Nacional del Consumidor (SERNAC) y el Servicio Nacional de Migraciones.<br>Finalmente, la autoridad regional inst\u00f3 a la ciudadan\u00eda mantenerse atenta a las redes sociales de la<br>SEREM\u00cdA de Justicia y DD.HH., para informarse sobre futuras atenciones extraordinarias en Punta<br>Arenas y otras comunas de la regi\u00f3n.<\/p>\n","protected":false},"excerpt":{"rendered":"<p>Este jueves 14, de 09:00 a 11:00 horas, las dependencias de la Universidad de Magallanes (Patiodel Edificio de Humanidades) se abrir\u00e1n para albergar una nueva \u201cPlaza de Justicia y DerechosHumanos\u201d,&#8230; <a class=\"read-more\" href=\"https:\/\/www.radiopresidenteibanez.cl\/web\/atenciones-del-sector-justicia-se-trasladan-este-jueves-14-hasta-la-universidad-de-magallanes\/\">Leer m\u00e1s<\/a><\/p>\n","protected":false},"author":2,"featured_media":58217,"comment_status":"closed","ping_status":"closed","sticky":false,"template":"","format":"standard","meta":{"footnotes":""},"categories":[1],"tags":[],"class_list":["post-58216","post","type-post","status-publish","format-standard","has-post-thumbnail","hentry","category-cronica"],"_links":{"self":[{"href":"https:\/\/www.radiopresidenteibanez.cl\/web\/wp-json\/wp\/v2\/posts\/58216","targetHints":{"allow":["GET"]}}],"collection":[{"href":"https:\/\/www.radiopresidenteibanez.cl\/web\/wp-json\/wp\/v2\/posts"}],"about":[{"href":"https:\/\/www.radiopresidenteibanez.cl\/web\/wp-json\/wp\/v2\/types\/post"}],"author":[{"embeddable":true,"href":"https:\/\/www.radiopresidenteibanez.cl\/web\/wp-json\/wp\/v2\/users\/2"}],"replies":[{"embeddable":true,"href":"https:\/\/www.radiopresidenteibanez.cl\/web\/wp-json\/wp\/v2\/comments?post=58216"}],"version-history":[{"count":0,"href":"https:\/\/www.radiopresidenteibanez.cl\/web\/wp-json\/wp\/v2\/posts\/58216\/revisions"}],"wp:featuredmedia":[{"embeddable":true,"href":"https:\/\/www.radiopresidenteibanez.cl\/web\/wp-json\/wp\/v2\/media\/58217"}],"wp:attachment":[{"href":"https:\/\/www.radiopresidenteibanez.cl\/web\/wp-json\/wp\/v2\/media?parent=58216"}],"wp:term":[{"taxonomy":"category","embeddable":true,"href":"https:\/\/www.radiopresidenteibanez.cl\/web\/wp-json\/wp\/v2\/categories?post=58216"},{"taxonomy":"post_tag","embeddable":true,"href":"https:\/\/www.radiopresidenteibanez.cl\/web\/wp-json\/wp\/v2\/tags?post=58216"}],"curies":[{"name":"wp","href":"https:\/\/api.w.org\/{rel}","templated":true}]}}