{"id":58213,"date":"2025-08-12T12:51:00","date_gmt":"2025-08-12T15:51:00","guid":{"rendered":"https:\/\/www.radiopresidenteibanez.cl\/web\/?p=58213"},"modified":"2025-08-12T10:25:18","modified_gmt":"2025-08-12T13:25:18","slug":"seremi-de-agricultura-anuncia-apertura-de-la-convocatoria-fia-2025-para-impulsar-la-innovacion-en-el-agro","status":"publish","type":"post","link":"https:\/\/www.radiopresidenteibanez.cl\/web\/seremi-de-agricultura-anuncia-apertura-de-la-convocatoria-fia-2025-para-impulsar-la-innovacion-en-el-agro\/","title":{"rendered":"Seremi de Agricultura anuncia apertura de la Convocatoria FIA 2025 para impulsar la innovaci\u00f3n en el agro"},"content":{"rendered":"\n<p><em>La&nbsp;<\/em><strong><em>Fundaci\u00f3n para la Innovaci\u00f3n Agraria (FIA)<\/em><\/strong><em>&nbsp;del Ministerio de Agricultura invita a postular a la&nbsp;<\/em><strong><em>Convocatoria Nacional de Instrumentos Complementarios 2025<\/em><\/strong><em>, dirigida a iniciativas que fortalezcan el desarrollo de innovaciones en el sector silvoagropecuario y la cadena agroalimentaria.<\/em><\/p>\n\n\n\n<p><em>As\u00ed lo explic\u00f3 la Secretaria Regional Ministerial de Agricultura, Irene Ram\u00edrez M\u00e9rida, explicando que el llamado se enmarca en tres ejes estrat\u00e9gicos que ha priorizado el ministerio de agricultura a trav\u00e9s del FIA y que son:&nbsp;<\/em><strong><em>gesti\u00f3n sostenible de recursos h\u00eddricos<\/em><\/strong><em>,&nbsp;<\/em><strong><em>adaptaci\u00f3n y mitigaci\u00f3n al cambio clim\u00e1tico<\/em><\/strong><em>&nbsp;y&nbsp;<\/em><strong><em>sistemas alimentarios sostenibles<\/em><\/strong><em>.<\/em><\/p>\n\n\n\n<p><em>Por su parte, la representante Regional (S) de FIA en Magallanes, Esperanza Garrido, destac\u00f3 que estos instrumentos son una oportunidad concreta para que productoras, productores y organizaciones del sector silvoagropecuario y agroalimentario de la regi\u00f3n accedan a conocimientos, tecnolog\u00edas y redes que impulsen soluciones innovadoras adaptadas a su realidad local. \u201cDesde FIA buscamos acercar esta convocatoria a los distintos actores del sector en la regi\u00f3n, promoviendo su participaci\u00f3n y fomentando la conexi\u00f3n con iniciativas y experiencias que fortalezcan la innovaci\u00f3n en el agro magall\u00e1nico\u201d, subray\u00f3.<\/em><\/p>\n\n\n\n<p><em>A\u00f1adi\u00f3 la titular de la cartera regional ministerial de agricultura, que las postulaciones podr\u00e1n considerar, g<\/em><strong><em>iras de innovaci\u00f3n<\/em><\/strong><em>&nbsp;para que mujeres vinculadas al agro conozcan soluciones innovadoras aplicables en Chile; c<\/em><strong><em>onsultor\u00edas especializadas<\/em><\/strong><em>&nbsp;con expertos nacionales e internacionales para resolver problemas y oportunidades del sector y e<\/em><strong><em>ventos de difusi\u00f3n<\/em><\/strong><em>&nbsp;para compartir experiencias y conocimientos en innovaci\u00f3n.<\/em><\/p>\n\n\n\n<p><em>Las Bases y detalles del presente concurso est\u00e1n disponibles en el sitio de FIA y el plazo para postular vence el 23 de septiembre del presente a\u00f1o. Las consultas se pueden realizar en:&nbsp;<a href=\"mailto:giras@fia.cl\" target=\"_blank\" rel=\"noreferrer noopener\">giras@fia.cl<\/a>;&nbsp;<a href=\"mailto:consultorias@fia.cl\" target=\"_blank\" rel=\"noreferrer noopener\">consultorias@fia.cl<\/a>&nbsp;y &nbsp;<a href=\"mailto:eventos@fia.cl\" target=\"_blank\" rel=\"noreferrer noopener\">eventos@fia.cl<\/a><\/em><\/p>\n","protected":false},"excerpt":{"rendered":"<p>La&nbsp;Fundaci\u00f3n para la Innovaci\u00f3n Agraria (FIA)&nbsp;del Ministerio de Agricultura invita a postular a la&nbsp;Convocatoria Nacional de Instrumentos Complementarios 2025, dirigida a iniciativas que fortalezcan el desarrollo de innovaciones en el&#8230; <a class=\"read-more\" href=\"https:\/\/www.radiopresidenteibanez.cl\/web\/seremi-de-agricultura-anuncia-apertura-de-la-convocatoria-fia-2025-para-impulsar-la-innovacion-en-el-agro\/\">Leer m\u00e1s<\/a><\/p>\n","protected":false},"author":2,"featured_media":58214,"comment_status":"closed","ping_status":"closed","sticky":false,"template":"","format":"standard","meta":{"footnotes":""},"categories":[1],"tags":[],"class_list":["post-58213","post","type-post","status-publish","format-standard","has-post-thumbnail","hentry","category-cronica"],"_links":{"self":[{"href":"https:\/\/www.radiopresidenteibanez.cl\/web\/wp-json\/wp\/v2\/posts\/58213","targetHints":{"allow":["GET"]}}],"collection":[{"href":"https:\/\/www.radiopresidenteibanez.cl\/web\/wp-json\/wp\/v2\/posts"}],"about":[{"href":"https:\/\/www.radiopresidenteibanez.cl\/web\/wp-json\/wp\/v2\/types\/post"}],"author":[{"embeddable":true,"href":"https:\/\/www.radiopresidenteibanez.cl\/web\/wp-json\/wp\/v2\/users\/2"}],"replies":[{"embeddable":true,"href":"https:\/\/www.radiopresidenteibanez.cl\/web\/wp-json\/wp\/v2\/comments?post=58213"}],"version-history":[{"count":0,"href":"https:\/\/www.radiopresidenteibanez.cl\/web\/wp-json\/wp\/v2\/posts\/58213\/revisions"}],"wp:featuredmedia":[{"embeddable":true,"href":"https:\/\/www.radiopresidenteibanez.cl\/web\/wp-json\/wp\/v2\/media\/58214"}],"wp:attachment":[{"href":"https:\/\/www.radiopresidenteibanez.cl\/web\/wp-json\/wp\/v2\/media?parent=58213"}],"wp:term":[{"taxonomy":"category","embeddable":true,"href":"https:\/\/www.radiopresidenteibanez.cl\/web\/wp-json\/wp\/v2\/categories?post=58213"},{"taxonomy":"post_tag","embeddable":true,"href":"https:\/\/www.radiopresidenteibanez.cl\/web\/wp-json\/wp\/v2\/tags?post=58213"}],"curies":[{"name":"wp","href":"https:\/\/api.w.org\/{rel}","templated":true}]}}