{"id":58210,"date":"2025-08-12T11:27:00","date_gmt":"2025-08-12T14:27:00","guid":{"rendered":"https:\/\/www.radiopresidenteibanez.cl\/web\/?p=58210"},"modified":"2025-08-12T10:20:17","modified_gmt":"2025-08-12T13:20:17","slug":"comenzo-plan-piloto-de-mediadores-escolares-en-la-escuela-espana","status":"publish","type":"post","link":"https:\/\/www.radiopresidenteibanez.cl\/web\/comenzo-plan-piloto-de-mediadores-escolares-en-la-escuela-espana\/","title":{"rendered":"Comenz\u00f3 Plan Piloto de Mediadores Escolares en la Escuela Espa\u00f1a"},"content":{"rendered":"\n<p>Este lunes, la&nbsp;Secretar\u00eda Regional Ministerial de Educaci\u00f3n (SECREDUC)&nbsp;y el Servicio Local de Educaci\u00f3n P\u00fablica (SLEP) Magallanes dieron inicio a un Plan Piloto de Convivencia y Mediaci\u00f3n en la Escuela Espa\u00f1a de Punta Arenas, donde 16 estudiantes del establecimiento, de 5\u00b0 a 8\u00b0 b\u00e1sico, adem\u00e1s de dos miembros del Centro de Alumnos, asumieron como mediadores escolares para promover el di\u00e1logo y la soluci\u00f3n de los conflictos de manera pac\u00edfica en la comunidad educativa.<\/p>\n\n\n\n<p>Esta iniciativa fue posible gracias a un Convenio de Colaboraci\u00f3n entre la SECREDUC y el SLEP Magallanes, donde estamparon su firma el seremi de Educaci\u00f3n, Valent\u00edn Aguilera G\u00f3mez, el director(s) del SLEP, Jorge Vald\u00e9s Or\u00f3stica, y la directora de la escuela, Bernardita Hurtado D\u00edaz.<\/p>\n\n\n\n<p>\u201cHemos venido desarrollando un trabajo sistem\u00e1tico junto al SLEP en la implementaci\u00f3n de proyectos de Convivencia y Mediaci\u00f3n Educativa en los establecimientos p\u00fablicos de la Regi\u00f3n de Magallanes y de la Ant\u00e1rtica Chilena, teniendo presente los \u00faltimos acontecimientos que han ocurrido en la comuna de Punta Arenas, lo que nos demanda aunar esfuerzos para prevenir estos hechos\u201d, se\u00f1al\u00f3 el seremi de Educaci\u00f3n, Valent\u00edn Aguilera G\u00f3mez.<\/p>\n\n\n\n<p>Agregando que la Secretar\u00eda Regional Ministerial de Educaci\u00f3n, en el marco del fortalecimiento de la Educaci\u00f3n P\u00fablica, se compromete a gestionar el desarrollo de actividades de formaci\u00f3n y difusi\u00f3n en materia de Convivencia Educativa, para el logro de la formaci\u00f3n integral de ni\u00f1os, ni\u00f1as y adolescentes. \u201cEs por ello que nos llena de satisfacci\u00f3n que este plan piloto pueda comenzar hoy en la Escuela Espa\u00f1a, dese\u00e1ndoles a las y los j\u00f3venes que sea una gran experiencia, colaborando en la construcci\u00f3n de una sana convivencia al interior de las aulas\u201d, indic\u00f3 la autoridad educativa.<\/p>\n\n\n\n<p>Por su parte, el SLEP Magallanes ha desplegado un acompa\u00f1amiento t\u00e9cnico-pedag\u00f3gico continuo, trabajando junto a los equipos directivos y comunitarios de los establecimientos para identificar necesidades, mejorar pr\u00e1cticas docentes y fortalecer la gesti\u00f3n educativa, con herramientas como el Diagn\u00f3stico Integral de Aprendizajes.<\/p>\n\n\n\n<p>\u201cLa misi\u00f3n del&nbsp;<a href=\"https:\/\/www.google.com\/search?sca_esv=e4e61ca27f8efc23&amp;cs=0&amp;sxsrf=AE3TifMHwZw6txybGLnw9chKemDybq-Vaw%3A1754917925152&amp;q=Servicio+Local+de+Educaci%C3%B3n+P%C3%BAblica+%28SLEP%29+Magallanes&amp;sa=X&amp;ved=2ahUKEwiUxofc6oKPAxXEqpUCHRinKQIQxccNegQIAhAB&amp;mstk=AUtExfBKI16Id9a9CjUKzXXs2oPDkSUFWFYyfEqBUdcIymZgWmcMgwiZdp3rc0iNFCuHe-DjlfzkbUpZbGuI9p0iAb-ONT5SpydRaVtbXyw_KPFtdkBY3Mye8zCJP589wH-QWM4uwDICa_gW65SGSba2nw8v1a9XOTTmtChoEApx9RfhXYI&amp;csui=3\" target=\"_blank\" rel=\"noreferrer noopener\">Servicio Local es&nbsp;<\/a>garantizar una educaci\u00f3n p\u00fablica de calidad, inclusiva y equitativa para todos los estudiantes de la regi\u00f3n. Esto implica promover y potenciar el desarrollo de habilidades de los alumnos para aportar al clima del establecimiento. En todas las instituciones existen conflictos, por ello es importante relevar la resoluci\u00f3n de estos conflictos entre los propios pares\u201d, afirm\u00f3 el director(s) del SLEP, Jorge Vald\u00e9s Or\u00f3stica.<\/p>\n\n\n\n<p><strong>Comunidad Educativa Escuela Espa\u00f1a<\/strong><\/p>\n\n\n\n<p>La directora de la Escuela Espa\u00f1a, Bernardita Hurtado D\u00edaz, expres\u00f3: \u201cCuando nosotros empezamos a dise\u00f1ar las acciones para el Plan de Mejoramiento Educativo en el \u00e1rea de Convivencia Escolar, surgi\u00f3 la necesidad de contar con estudiantes que puedan ayudarnos a nosotros a identificar algunas dificultades que se pudieran presentar entre los compa\u00f1eros, que tambi\u00e9n ellos vayan desarrollando estrategias para que puedan mediar en conflictos que se pueden suscitar dentro de la sala de clase y es ah\u00ed que les integramos dentro de nuestro plan de convivencia\u201d.<\/p>\n\n\n\n<p>El estudiante Rafael V\u00e1squez del 8\u00b0 B explic\u00f3 que la raz\u00f3n para participar en esta iniciativa fue apoyar a los compa\u00f1eros para resolver sus conflictos. \u201cAl tener buena convivencia hay mejor comunicaci\u00f3n entre nosotros y as\u00ed se pueden realizar actividades m\u00e1s f\u00e1cilmente\u201d, coment\u00f3.<\/p>\n\n\n\n<p>Por su parte, Matilda Manr\u00edquez del 5\u00b0 B dijo haberse motivado en \u201chacer un esfuerzo por la mejor convivencia para que no haya tantos conflictos. Yo creo que puedo opinar y ayudar un poco, poniendo empat\u00eda y amabilidad\u201d, asegur\u00f3 la alumna, agregando: \u201cYo les dar\u00eda el mensaje de que traten bien a sus compa\u00f1eros, tanto como a ellos tambi\u00e9n, para una mejor convivencia y que no haya bullying\u201d.<\/p>\n\n\n\n<p>En tanto que, Franco Robles, quien forma parte del 8\u00b0 A, aprecia la buena convivencia en todos lados y especialmente en la escuela. En sus palabras: \u201cEs importante, ya que somos ni\u00f1os, estamos en un lugar donde hay mucha gente y m\u00e1s que nada para que uno pueda estar bien y no tenga problemas, ya que esto ya igual es pesado para los profesores. Por ejemplo, si tuviste un problema, metiste la pata, no s\u00e9, peleaste con un compa\u00f1ero, solucionarlo a golpes no ser\u00eda muy bien. Hay que tratar de solucionarlo con palabras o si no, con las personas mayores, con alg\u00fan adulto\u201d, explic\u00f3.<\/p>\n\n\n\n<p>La motivaci\u00f3n de Marilyn Mercado, del 7\u00b0 A, fue: \u201cNo queremos ser como otras escuelas que tienen hartos conflictos. Yo creo que, si tienen amigos o amigas o a veces tienen encontrones con otras personas, que acepten a la persona tal como es y que no la critiquen ni nada de eso, para que cuando tengamos que unirnos no haya ning\u00fan conflicto\u201d.<\/p>\n\n\n\n<p>El presente convenio firmado entre la Secretar\u00eda Regional Ministerial de Educaci\u00f3n y el Servicio Local de Educaci\u00f3n P\u00fablica Magallanes se extender\u00e1 por un plazo de tres a\u00f1os a contar de esta fecha.<\/p>\n","protected":false},"excerpt":{"rendered":"<p>Este lunes, la&nbsp;Secretar\u00eda Regional Ministerial de Educaci\u00f3n (SECREDUC)&nbsp;y el Servicio Local de Educaci\u00f3n P\u00fablica (SLEP) Magallanes dieron inicio a un Plan Piloto de Convivencia y Mediaci\u00f3n en la Escuela Espa\u00f1a&#8230; <a class=\"read-more\" href=\"https:\/\/www.radiopresidenteibanez.cl\/web\/comenzo-plan-piloto-de-mediadores-escolares-en-la-escuela-espana\/\">Leer m\u00e1s<\/a><\/p>\n","protected":false},"author":2,"featured_media":58211,"comment_status":"closed","ping_status":"closed","sticky":false,"template":"","format":"standard","meta":{"footnotes":""},"categories":[1],"tags":[],"class_list":["post-58210","post","type-post","status-publish","format-standard","has-post-thumbnail","hentry","category-cronica"],"_links":{"self":[{"href":"https:\/\/www.radiopresidenteibanez.cl\/web\/wp-json\/wp\/v2\/posts\/58210","targetHints":{"allow":["GET"]}}],"collection":[{"href":"https:\/\/www.radiopresidenteibanez.cl\/web\/wp-json\/wp\/v2\/posts"}],"about":[{"href":"https:\/\/www.radiopresidenteibanez.cl\/web\/wp-json\/wp\/v2\/types\/post"}],"author":[{"embeddable":true,"href":"https:\/\/www.radiopresidenteibanez.cl\/web\/wp-json\/wp\/v2\/users\/2"}],"replies":[{"embeddable":true,"href":"https:\/\/www.radiopresidenteibanez.cl\/web\/wp-json\/wp\/v2\/comments?post=58210"}],"version-history":[{"count":0,"href":"https:\/\/www.radiopresidenteibanez.cl\/web\/wp-json\/wp\/v2\/posts\/58210\/revisions"}],"wp:featuredmedia":[{"embeddable":true,"href":"https:\/\/www.radiopresidenteibanez.cl\/web\/wp-json\/wp\/v2\/media\/58211"}],"wp:attachment":[{"href":"https:\/\/www.radiopresidenteibanez.cl\/web\/wp-json\/wp\/v2\/media?parent=58210"}],"wp:term":[{"taxonomy":"category","embeddable":true,"href":"https:\/\/www.radiopresidenteibanez.cl\/web\/wp-json\/wp\/v2\/categories?post=58210"},{"taxonomy":"post_tag","embeddable":true,"href":"https:\/\/www.radiopresidenteibanez.cl\/web\/wp-json\/wp\/v2\/tags?post=58210"}],"curies":[{"name":"wp","href":"https:\/\/api.w.org\/{rel}","templated":true}]}}