{"id":58207,"date":"2025-08-12T10:09:51","date_gmt":"2025-08-12T13:09:51","guid":{"rendered":"https:\/\/www.radiopresidenteibanez.cl\/web\/?p=58207"},"modified":"2025-08-12T10:10:16","modified_gmt":"2025-08-12T13:10:16","slug":"despliegue-nocturno-preventivo-llevo-informacion-y-autocuidado-a-juventudes-en-pubs-de-punta-arenas","status":"publish","type":"post","link":"https:\/\/www.radiopresidenteibanez.cl\/web\/despliegue-nocturno-preventivo-llevo-informacion-y-autocuidado-a-juventudes-en-pubs-de-punta-arenas\/","title":{"rendered":"Despliegue nocturno preventivo llev\u00f3 informaci\u00f3n y autocuidado a juventudes en pubs de Punta Arenas"},"content":{"rendered":"\n<p>La iniciativa, coordinada por el Instituto Nacional de la Juventud (INJUV), en el marco del Mes de<br>las Juventudes, cont\u00f3 con la participaci\u00f3n de la Seremi de la Mujer y la Equidad de G\u00e9nero, la<br>Seremi de Seguridad P\u00fablica, Carabineros de Chile, la Seremi de Salud, Senda, Senda Previene y el<br>Programa de la Mujer Derechos Sexuales y Reproductivos.<br>El recorrido abarc\u00f3 ocho locales previamente informados, donde equipos de las instituciones<br>participantes \u2014junto al corp\u00f3reo \u201cCondonito\u201d\u2014 distribuyeron kits de autocuidado con<br>preservativos, lubricantes y folleter\u00eda, adem\u00e1s de instalar un afiche \u00fanico con informaci\u00f3n de cada<br>servicio, facilitando el acceso a canales de orientaci\u00f3n y ayuda.<br>\u201cEn el marco de la conmemoraci\u00f3n del mes de la juventud este mes de agosto, estamos realizando<br>este despliegue preventivo nocturno visitando distintos pubs del centro de la ciudad con el fin de<br>llevar un mensaje de autocuidado, responsabilidad y difundir el chat Hablemos de Todo, que es<br>parte de la oferta del INJUV, junto a diversos servicios del intersector que nos est\u00e1n acompa\u00f1ando<br>a llevar tambi\u00e9n el mensaje de sus respectivos servicios\u201d. Se\u00f1al\u00f3 la directora del INJUV Carla<br>Cifuentes sobre la actividad.<br>En este contexto la Seremi de la Mujer y Equidad de G\u00e9nero Alejandra Ruiz ovando se\u00f1al\u00f3: La<br>Serem\u00eda de la Mujer en este despliegue preventivo nocturno, est\u00e1 difundiendo el n\u00famero 1455 de<br>Orientaci\u00f3n de violencia hac\u00eda las mujeres. Hay que recordar que ahora atendemos a juventudes<br>desde los 15 a\u00f1os en adelante, por lo tanto, es importante que todos tengan a mano el 1455 para<br>hacer sus consultas.<br>En cuanto a la presencia de Seguridad P\u00fablica y Carabineros, la Seremi de la Cartera Carla<br>Barrientos hizo un llamado a la prevenci\u00f3n: Una de las estrategias es participar con el intersector,<br>llevando un mensaje preventivo y de autocuidado a los j\u00f3venes dando a conocer lo que es la oferta p\u00fablica del Ministerio de Seguridad P\u00fablica, reforzando tambi\u00e9n las v\u00edas de denuncias a trav\u00e9s de las polic\u00edas y la fiscal\u00eda; y tambi\u00e9n dando a conocer el programa Denuncia Seguro *4242 donde las personas pueden entregar informaci\u00f3n delictual 100% an\u00f3nima.<\/p>\n\n\n\n<p>Por su parte el Teniente An\u00edbal Basaez, oficial de ronda de la Prefectura Magallanes acompa\u00f1aron<br>este despliegue con una acci\u00f3n preventiva: Esta noche vamos a realizar patrullajes preventivos por<br>las diferentes inmediaciones de los locales nocturnos y sobre todo en los pubs, con el fin de evitar<br>alg\u00fan tipo de il\u00edcito.<br>Tambi\u00e9n desde la Seremi de Salud Magallanes, participaron con el Programa VIH SIDA ITS, quienes<br>entregaron kits de Auto test de VIH: \u201cComo sector salud y programa VIH hemos estado apoyando<br>a lo largo del tiempo al INJUV en un trabajo colaborativo para entregar tanto material educativo y<br>tambi\u00e9n insumos preventivos para los j\u00f3venes. Hoy d\u00eda hay un importante aumento de casos y este tipo de actividades nos ayuda a poder difundir esta informaci\u00f3n y de que los j\u00f3venes tomen<br>conciencia especialmente de estas patolog\u00edas que son tan importantes en el grupo etario\u201d. Se\u00f1alo<br>la enfermera del programa Constanza Bravo.<br>Durante la actividad, las y los asistentes a estos locales valoraron positivamente estas acciones y<br>pudieron resolver dudas sobre prevenci\u00f3n de la violencia, autocuidado, salud sexual y mental, as\u00ed<br>como conocer la oferta program\u00e1tica de los servicios p\u00fablicos presentes. El operativo se enmarca<br>en el trabajo conjunto de las instituciones por fomentar entornos nocturnos m\u00e1s seguros y<br>conscientes, entregando herramientas para una vida m\u00e1s saludable y libre de violencia.<\/p>\n","protected":false},"excerpt":{"rendered":"<p>La iniciativa, coordinada por el Instituto Nacional de la Juventud (INJUV), en el marco del Mes delas Juventudes, cont\u00f3 con la participaci\u00f3n de la Seremi de la Mujer y la&#8230; <a class=\"read-more\" href=\"https:\/\/www.radiopresidenteibanez.cl\/web\/despliegue-nocturno-preventivo-llevo-informacion-y-autocuidado-a-juventudes-en-pubs-de-punta-arenas\/\">Leer m\u00e1s<\/a><\/p>\n","protected":false},"author":2,"featured_media":58208,"comment_status":"closed","ping_status":"closed","sticky":false,"template":"","format":"standard","meta":{"footnotes":""},"categories":[1],"tags":[],"class_list":["post-58207","post","type-post","status-publish","format-standard","has-post-thumbnail","hentry","category-cronica"],"_links":{"self":[{"href":"https:\/\/www.radiopresidenteibanez.cl\/web\/wp-json\/wp\/v2\/posts\/58207","targetHints":{"allow":["GET"]}}],"collection":[{"href":"https:\/\/www.radiopresidenteibanez.cl\/web\/wp-json\/wp\/v2\/posts"}],"about":[{"href":"https:\/\/www.radiopresidenteibanez.cl\/web\/wp-json\/wp\/v2\/types\/post"}],"author":[{"embeddable":true,"href":"https:\/\/www.radiopresidenteibanez.cl\/web\/wp-json\/wp\/v2\/users\/2"}],"replies":[{"embeddable":true,"href":"https:\/\/www.radiopresidenteibanez.cl\/web\/wp-json\/wp\/v2\/comments?post=58207"}],"version-history":[{"count":0,"href":"https:\/\/www.radiopresidenteibanez.cl\/web\/wp-json\/wp\/v2\/posts\/58207\/revisions"}],"wp:featuredmedia":[{"embeddable":true,"href":"https:\/\/www.radiopresidenteibanez.cl\/web\/wp-json\/wp\/v2\/media\/58208"}],"wp:attachment":[{"href":"https:\/\/www.radiopresidenteibanez.cl\/web\/wp-json\/wp\/v2\/media?parent=58207"}],"wp:term":[{"taxonomy":"category","embeddable":true,"href":"https:\/\/www.radiopresidenteibanez.cl\/web\/wp-json\/wp\/v2\/categories?post=58207"},{"taxonomy":"post_tag","embeddable":true,"href":"https:\/\/www.radiopresidenteibanez.cl\/web\/wp-json\/wp\/v2\/tags?post=58207"}],"curies":[{"name":"wp","href":"https:\/\/api.w.org\/{rel}","templated":true}]}}