{"id":58203,"date":"2025-08-12T08:53:02","date_gmt":"2025-08-12T11:53:02","guid":{"rendered":"https:\/\/www.radiopresidenteibanez.cl\/web\/?p=58203"},"modified":"2025-08-12T08:54:19","modified_gmt":"2025-08-12T11:54:19","slug":"boletin-informativo-orbe-55","status":"publish","type":"post","link":"https:\/\/www.radiopresidenteibanez.cl\/web\/boletin-informativo-orbe-55\/","title":{"rendered":"BOLETIN INFORMATIVO ORBE"},"content":{"rendered":"\n<p>SANTIAGO.- El Presidente Gabriel Boric confirm\u00f3 la<br>realizaci\u00f3n de dos pruebas de droga, una de ordina y otra de<br>pelo, las que dieron negativo. A trav\u00e9s de su cuenta de X, el<br>Mandatario comparti\u00f3 los certificados de las dos pruebas a<br>las que se someti\u00f3 en junio, y critic\u00f3 la campa\u00f1a de<br>desinformaci\u00f3n que se ha generado sobre este tema.<\/p>\n\n\n\n<p>SANTIAGO.- Boric a\u00f1adi\u00f3 que \u00abtal como hace cuatro a\u00f1os,<br>ciertos sectores de la oposici\u00f3n persisten en generar dudas o<br>desinformar a la ciudadan\u00eda. Por eso, comparto los resultados<br>del examen de orina y de pelo que me realic\u00e9\u00bb, poste\u00f3. \u00abEs<br>importante decirlo las veces que sea necesario: la<br>desinformaci\u00f3n es un peligro para la democracia y es tarea de<br>todos cuidarla\u00bb, agreg\u00f3.<\/p>\n\n\n\n<p>SANTIAGO.- En esa l\u00ednea, el Presidente Boric concluy\u00f3 que \u00abel<br>Congreso debiera tratar con seriedad y altura de miras temas<br>que son tan importantes para Chile\u00bb. \u00abLos invito a avanzar y<br>legislar sobre el secreto bancario para perseguir la ruta del<br>dinero en el combate al crimen organizado\u00bb, se\u00f1al\u00f3.<\/p>\n\n\n\n<p>SANTIAGO.- En tanto, la ministra vocera de Gobierno, Camila<br>Vallejo, repar\u00f3 que \u00abyo separar\u00eda este debate en dos<br>aspectos. Uno, lo leg\u00edtimo que puede ser la discusi\u00f3n<br>legislativa para elevar est\u00e1ndares al respecto y la<br>transparencia respecto a este tipo de test y otra cosa muy<br>distinta es quienes han pretendido desinformar e instalar una<br>campa\u00f1a en contra del presidente, no solo para denostar su<br>imagen, sino que instalar una sospecha\u00bb, sostuvo.<\/p>\n\n\n\n<p>SANTIAGO.- Vallejo a\u00f1adi\u00f3 que \u00aben contexto electoral se le<br>pretende emplazar a realizarse un test de drogas con esta<br>idea de que eventualmente podr\u00eda estar relacionado con un<br>supuesto consumo, y el Presidente no solo ha sido<br>transparente sino que claro en esta materia\u00bb. \u00abPero nunca<br>basta y no va a bastar porque, el objetivo es no elevar los<br>est\u00e1ndares sino que denostar, atacar la imagen p\u00fablica del<br>Presidente, tal como otros lo han hecho con la candidata<br>Matthei\u00bb, cerr\u00f3.<\/p>\n\n\n\n<p>SANTIAGO.- La Corporaci\u00f3n Nacional del Cobre, Codelco,<br>inform\u00f3 la salida de Andr\u00e9s Music Garrido, gerente general de<br>la Divisi\u00f3n El Teniente, lugar donde hace m\u00e1s de 10 d\u00edas se<br>registr\u00f3 la tragedia que termin\u00f3 con seis mineros fallecidos.<br>En un comunicado, detall\u00f3 que esta decisi\u00f3n \u00abno responde a la<br>asignaci\u00f3n de alguna responsabilidad, sino que obedece<br>exclusivamente a la necesidad de focalizar la atenci\u00f3n de la<br>divisi\u00f3n en los desaf\u00edos que presenta la ejecuci\u00f3n del Plan<br>de Retorno Seguro y Gradual\u00bb.<\/p>\n\n\n\n<p>SANTIAGO.- En el escrito, detall\u00f3 que \u00absu salida bajo<br>t\u00e9rminos de mutuo acuerdo, confirma la integridad y el<br>liderazgo que Andr\u00e9s ha mostrado durante su trayectoria de<br>m\u00e1s de 15 a\u00f1os en la empresa, donde ha velado siempre -de<br>acuerdo con sus propias palabras- &#8216;por lo mejor para la<br>compa\u00f1\u00eda y la familia Codelco'\u00bb. Ante la salida de Music, la<br>presidencia ejecutiva de Codelco design\u00f3 como gerente general<br>interino a Claudio Sougarret, actual gerente de Operaciones<br>de la Divisi\u00f3n El Teniente.<\/p>\n","protected":false},"excerpt":{"rendered":"<p>SANTIAGO.- El Presidente Gabriel Boric confirm\u00f3 larealizaci\u00f3n de dos pruebas de droga, una de ordina y otra depelo, las que dieron negativo. A trav\u00e9s de su cuenta de X, elMandatario&#8230; <a class=\"read-more\" href=\"https:\/\/www.radiopresidenteibanez.cl\/web\/boletin-informativo-orbe-55\/\">Leer m\u00e1s<\/a><\/p>\n","protected":false},"author":2,"featured_media":58204,"comment_status":"closed","ping_status":"closed","sticky":false,"template":"","format":"standard","meta":{"footnotes":""},"categories":[1],"tags":[],"class_list":["post-58203","post","type-post","status-publish","format-standard","has-post-thumbnail","hentry","category-cronica"],"_links":{"self":[{"href":"https:\/\/www.radiopresidenteibanez.cl\/web\/wp-json\/wp\/v2\/posts\/58203","targetHints":{"allow":["GET"]}}],"collection":[{"href":"https:\/\/www.radiopresidenteibanez.cl\/web\/wp-json\/wp\/v2\/posts"}],"about":[{"href":"https:\/\/www.radiopresidenteibanez.cl\/web\/wp-json\/wp\/v2\/types\/post"}],"author":[{"embeddable":true,"href":"https:\/\/www.radiopresidenteibanez.cl\/web\/wp-json\/wp\/v2\/users\/2"}],"replies":[{"embeddable":true,"href":"https:\/\/www.radiopresidenteibanez.cl\/web\/wp-json\/wp\/v2\/comments?post=58203"}],"version-history":[{"count":0,"href":"https:\/\/www.radiopresidenteibanez.cl\/web\/wp-json\/wp\/v2\/posts\/58203\/revisions"}],"wp:featuredmedia":[{"embeddable":true,"href":"https:\/\/www.radiopresidenteibanez.cl\/web\/wp-json\/wp\/v2\/media\/58204"}],"wp:attachment":[{"href":"https:\/\/www.radiopresidenteibanez.cl\/web\/wp-json\/wp\/v2\/media?parent=58203"}],"wp:term":[{"taxonomy":"category","embeddable":true,"href":"https:\/\/www.radiopresidenteibanez.cl\/web\/wp-json\/wp\/v2\/categories?post=58203"},{"taxonomy":"post_tag","embeddable":true,"href":"https:\/\/www.radiopresidenteibanez.cl\/web\/wp-json\/wp\/v2\/tags?post=58203"}],"curies":[{"name":"wp","href":"https:\/\/api.w.org\/{rel}","templated":true}]}}