{"id":5820,"date":"2019-07-21T15:31:35","date_gmt":"2019-07-21T15:31:35","guid":{"rendered":"http:\/\/www.radiopresidenteibanez.cl\/web\/?p=5820"},"modified":"2019-07-21T15:32:06","modified_gmt":"2019-07-21T15:32:06","slug":"primera-jornada-del-carnaval-el-frio-ni-la-aguanieve-pararon-a-las-miles-de-personas-que-llegaron-hasta-el-centro-de-punta-arenas","status":"publish","type":"post","link":"https:\/\/www.radiopresidenteibanez.cl\/web\/primera-jornada-del-carnaval-el-frio-ni-la-aguanieve-pararon-a-las-miles-de-personas-que-llegaron-hasta-el-centro-de-punta-arenas\/","title":{"rendered":"PRIMERA JORNADA DEL CARNAVAL: EL FR\u00cdO NI LA AGUANIEVE PARARON A LAS MILES DE PERSONAS QUE LLEGARON HASTA EL CENTRO DE PUNTA ARENAS"},"content":{"rendered":"\n<p>Cerca de 20 mil personas participaron de la primera jornada del Carnaval de Invierno 2019, en la oportunidad dos mil fueron los participantes en distintas alegor\u00edas, cabe mencionar que este a\u00f1o al no existir elecciones de reinas el municipio invito a participar a las soberanas de a\u00f1os anteriores, doce de ellas se presentaron en el carro oficial:<\/p>\n\n\n\n<table class=\"wp-block-table\"><tbody><tr><td><strong>A\u00d1O<\/strong><\/td><td><strong>NOMBRE REINA<\/strong><\/td><\/tr><tr><td>1996<\/td><td>Paola Mattioni<\/td><\/tr><tr><td>1997<\/td><td>Elizabeth Conejera<\/td><\/tr><tr><td>1998<\/td><td>Paula Alvarado<\/td><\/tr><tr><td>2006<\/td><td>Daniela Pagels<\/td><\/tr><tr><td>2007<\/td><td>Jasna Kusanovic<\/td><\/tr><tr><td>2008<\/td><td>Aneschka Babaic<\/td><\/tr><tr><td>2011<\/td><td>Karin Marincovic<\/td><\/tr><tr><td>2012<\/td><td>Camila Cardenas<\/td><\/tr><tr><td>2015<\/td><td>Valentina Oyarz\u00fan<\/td><\/tr><tr><td>2016<\/td><td>Melany Navarro<\/td><\/tr><tr><td>2017<\/td><td>Genesis Carrasco<\/td><\/tr><tr><td>2018<\/td><td>Krishna Santic&nbsp;<\/td><\/tr><\/tbody><\/table>\n\n\n\n<p>Mientras que el jurado evaluador quedo compuesto por; <\/p>\n\n\n\n<p>&#8211;&nbsp; Cecilia C\u00e1rdenas Reyes, Presidenta Uni\u00f3n Comunal Punta Arenas<\/p>\n\n\n\n<p>&#8211;&nbsp; Fabi\u00e1n Mansilla Gonz\u00e1lez, ganador Festival del Cantar Vecinal&nbsp;<\/p>\n\n\n\n<p>&#8211;&nbsp; Raquel \u00c1lvarez Villarroel Presidenta Uni\u00f3n Comunal Hernando de Magallanes<\/p>\n\n\n\n<p>&#8211;&nbsp; Verenice Runin, embajadora de las Jornadas por la Rehabilitaci\u00f3n.<\/p>\n\n\n\n<p>&#8211;\u00a0 Lindana Vera Leuquen , Reina Adulto Mayor<\/p>\n\n\n\n<p>La novedad de este a\u00f1o fueron los fuegos artificiales que salieron desde distintos edificios emblem\u00e1ticos del centro de Punta Arenas.<\/p>\n\n\n\n<ul class=\"wp-block-gallery columns-2 is-cropped wp-block-gallery-1 is-layout-flex wp-block-gallery-is-layout-flex\"><li class=\"blocks-gallery-item\"><figure><img loading=\"lazy\" decoding=\"async\" width=\"1024\" height=\"681\" src=\"https:\/\/www.radiopresidenteibanez.cl\/web\/wp-content\/uploads\/2019\/07\/67078956_1251696845011370_1532814686242734080_o-1024x681.jpg\" alt=\"\" data-id=\"5821\" data-link=\"https:\/\/www.radiopresidenteibanez.cl\/web\/?attachment_id=5821\" class=\"wp-image-5821\" srcset=\"https:\/\/www.radiopresidenteibanez.cl\/web\/wp-content\/uploads\/2019\/07\/67078956_1251696845011370_1532814686242734080_o-1024x681.jpg 1024w, https:\/\/www.radiopresidenteibanez.cl\/web\/wp-content\/uploads\/2019\/07\/67078956_1251696845011370_1532814686242734080_o-300x200.jpg 300w, https:\/\/www.radiopresidenteibanez.cl\/web\/wp-content\/uploads\/2019\/07\/67078956_1251696845011370_1532814686242734080_o-768x511.jpg 768w, https:\/\/www.radiopresidenteibanez.cl\/web\/wp-content\/uploads\/2019\/07\/67078956_1251696845011370_1532814686242734080_o.jpg 1820w\" sizes=\"auto, (max-width: 1024px) 100vw, 1024px\" \/><\/figure><\/li><li class=\"blocks-gallery-item\"><figure><img loading=\"lazy\" decoding=\"async\" width=\"1024\" height=\"681\" src=\"https:\/\/www.radiopresidenteibanez.cl\/web\/wp-content\/uploads\/2019\/07\/67173472_1251694098344978_2787794758515294208_o-1024x681.jpg\" alt=\"\" data-id=\"5822\" data-link=\"https:\/\/www.radiopresidenteibanez.cl\/web\/?attachment_id=5822\" class=\"wp-image-5822\" srcset=\"https:\/\/www.radiopresidenteibanez.cl\/web\/wp-content\/uploads\/2019\/07\/67173472_1251694098344978_2787794758515294208_o-1024x681.jpg 1024w, https:\/\/www.radiopresidenteibanez.cl\/web\/wp-content\/uploads\/2019\/07\/67173472_1251694098344978_2787794758515294208_o-300x200.jpg 300w, https:\/\/www.radiopresidenteibanez.cl\/web\/wp-content\/uploads\/2019\/07\/67173472_1251694098344978_2787794758515294208_o-768x511.jpg 768w, https:\/\/www.radiopresidenteibanez.cl\/web\/wp-content\/uploads\/2019\/07\/67173472_1251694098344978_2787794758515294208_o.jpg 1820w\" sizes=\"auto, (max-width: 1024px) 100vw, 1024px\" \/><\/figure><\/li><li class=\"blocks-gallery-item\"><figure><img loading=\"lazy\" decoding=\"async\" width=\"1024\" height=\"681\" src=\"https:\/\/www.radiopresidenteibanez.cl\/web\/wp-content\/uploads\/2019\/07\/67256065_1251696891678032_2750451370791272448_o-1024x681.jpg\" alt=\"\" data-id=\"5823\" data-link=\"https:\/\/www.radiopresidenteibanez.cl\/web\/?attachment_id=5823\" class=\"wp-image-5823\" srcset=\"https:\/\/www.radiopresidenteibanez.cl\/web\/wp-content\/uploads\/2019\/07\/67256065_1251696891678032_2750451370791272448_o-1024x681.jpg 1024w, https:\/\/www.radiopresidenteibanez.cl\/web\/wp-content\/uploads\/2019\/07\/67256065_1251696891678032_2750451370791272448_o-300x200.jpg 300w, https:\/\/www.radiopresidenteibanez.cl\/web\/wp-content\/uploads\/2019\/07\/67256065_1251696891678032_2750451370791272448_o-768x511.jpg 768w, https:\/\/www.radiopresidenteibanez.cl\/web\/wp-content\/uploads\/2019\/07\/67256065_1251696891678032_2750451370791272448_o.jpg 1820w\" sizes=\"auto, (max-width: 1024px) 100vw, 1024px\" \/><\/figure><\/li><li class=\"blocks-gallery-item\"><figure><img loading=\"lazy\" decoding=\"async\" width=\"1024\" height=\"690\" src=\"https:\/\/www.radiopresidenteibanez.cl\/web\/wp-content\/uploads\/2019\/07\/DSC_4505-1024x690.jpg\" alt=\"\" data-id=\"5824\" data-link=\"https:\/\/www.radiopresidenteibanez.cl\/web\/?attachment_id=5824\" class=\"wp-image-5824\" srcset=\"https:\/\/www.radiopresidenteibanez.cl\/web\/wp-content\/uploads\/2019\/07\/DSC_4505-1024x690.jpg 1024w, https:\/\/www.radiopresidenteibanez.cl\/web\/wp-content\/uploads\/2019\/07\/DSC_4505-300x202.jpg 300w, https:\/\/www.radiopresidenteibanez.cl\/web\/wp-content\/uploads\/2019\/07\/DSC_4505-768x518.jpg 768w, https:\/\/www.radiopresidenteibanez.cl\/web\/wp-content\/uploads\/2019\/07\/DSC_4505.jpg 1500w\" sizes=\"auto, (max-width: 1024px) 100vw, 1024px\" \/><\/figure><\/li><li class=\"blocks-gallery-item\"><figure><img loading=\"lazy\" decoding=\"async\" width=\"1024\" height=\"693\" src=\"https:\/\/www.radiopresidenteibanez.cl\/web\/wp-content\/uploads\/2019\/07\/DSC_4541-1024x693.jpg\" alt=\"\" data-id=\"5825\" data-link=\"https:\/\/www.radiopresidenteibanez.cl\/web\/?attachment_id=5825\" class=\"wp-image-5825\" srcset=\"https:\/\/www.radiopresidenteibanez.cl\/web\/wp-content\/uploads\/2019\/07\/DSC_4541-1024x693.jpg 1024w, https:\/\/www.radiopresidenteibanez.cl\/web\/wp-content\/uploads\/2019\/07\/DSC_4541-300x203.jpg 300w, https:\/\/www.radiopresidenteibanez.cl\/web\/wp-content\/uploads\/2019\/07\/DSC_4541-768x520.jpg 768w, https:\/\/www.radiopresidenteibanez.cl\/web\/wp-content\/uploads\/2019\/07\/DSC_4541.jpg 1500w\" sizes=\"auto, (max-width: 1024px) 100vw, 1024px\" \/><\/figure><\/li><li class=\"blocks-gallery-item\"><figure><img loading=\"lazy\" decoding=\"async\" width=\"1024\" height=\"674\" src=\"https:\/\/www.radiopresidenteibanez.cl\/web\/wp-content\/uploads\/2019\/07\/DSC_4561-1024x674.jpg\" alt=\"\" data-id=\"5826\" data-link=\"https:\/\/www.radiopresidenteibanez.cl\/web\/?attachment_id=5826\" class=\"wp-image-5826\" srcset=\"https:\/\/www.radiopresidenteibanez.cl\/web\/wp-content\/uploads\/2019\/07\/DSC_4561-1024x674.jpg 1024w, https:\/\/www.radiopresidenteibanez.cl\/web\/wp-content\/uploads\/2019\/07\/DSC_4561-300x197.jpg 300w, https:\/\/www.radiopresidenteibanez.cl\/web\/wp-content\/uploads\/2019\/07\/DSC_4561-768x505.jpg 768w, https:\/\/www.radiopresidenteibanez.cl\/web\/wp-content\/uploads\/2019\/07\/DSC_4561.jpg 1500w\" sizes=\"auto, (max-width: 1024px) 100vw, 1024px\" \/><\/figure><\/li><li class=\"blocks-gallery-item\"><figure><img loading=\"lazy\" decoding=\"async\" width=\"1024\" height=\"659\" src=\"https:\/\/www.radiopresidenteibanez.cl\/web\/wp-content\/uploads\/2019\/07\/DSC_4605-1024x659.jpg\" alt=\"\" data-id=\"5827\" data-link=\"https:\/\/www.radiopresidenteibanez.cl\/web\/?attachment_id=5827\" class=\"wp-image-5827\" srcset=\"https:\/\/www.radiopresidenteibanez.cl\/web\/wp-content\/uploads\/2019\/07\/DSC_4605-1024x659.jpg 1024w, https:\/\/www.radiopresidenteibanez.cl\/web\/wp-content\/uploads\/2019\/07\/DSC_4605-300x193.jpg 300w, https:\/\/www.radiopresidenteibanez.cl\/web\/wp-content\/uploads\/2019\/07\/DSC_4605-768x495.jpg 768w, https:\/\/www.radiopresidenteibanez.cl\/web\/wp-content\/uploads\/2019\/07\/DSC_4605.jpg 1500w\" sizes=\"auto, (max-width: 1024px) 100vw, 1024px\" \/><\/figure><\/li><li class=\"blocks-gallery-item\"><figure><img loading=\"lazy\" decoding=\"async\" width=\"1024\" height=\"629\" src=\"https:\/\/www.radiopresidenteibanez.cl\/web\/wp-content\/uploads\/2019\/07\/DSC_4640-1024x629.jpg\" alt=\"\" data-id=\"5828\" data-link=\"https:\/\/www.radiopresidenteibanez.cl\/web\/?attachment_id=5828\" class=\"wp-image-5828\" srcset=\"https:\/\/www.radiopresidenteibanez.cl\/web\/wp-content\/uploads\/2019\/07\/DSC_4640-1024x629.jpg 1024w, https:\/\/www.radiopresidenteibanez.cl\/web\/wp-content\/uploads\/2019\/07\/DSC_4640-300x184.jpg 300w, https:\/\/www.radiopresidenteibanez.cl\/web\/wp-content\/uploads\/2019\/07\/DSC_4640-768x472.jpg 768w, https:\/\/www.radiopresidenteibanez.cl\/web\/wp-content\/uploads\/2019\/07\/DSC_4640.jpg 1500w\" sizes=\"auto, (max-width: 1024px) 100vw, 1024px\" \/><\/figure><\/li><li class=\"blocks-gallery-item\"><figure><img loading=\"lazy\" decoding=\"async\" width=\"1024\" height=\"698\" src=\"https:\/\/www.radiopresidenteibanez.cl\/web\/wp-content\/uploads\/2019\/07\/DSC_4724-1024x698.jpg\" alt=\"\" data-id=\"5829\" data-link=\"https:\/\/www.radiopresidenteibanez.cl\/web\/?attachment_id=5829\" class=\"wp-image-5829\" srcset=\"https:\/\/www.radiopresidenteibanez.cl\/web\/wp-content\/uploads\/2019\/07\/DSC_4724-1024x698.jpg 1024w, https:\/\/www.radiopresidenteibanez.cl\/web\/wp-content\/uploads\/2019\/07\/DSC_4724-300x204.jpg 300w, https:\/\/www.radiopresidenteibanez.cl\/web\/wp-content\/uploads\/2019\/07\/DSC_4724-768x523.jpg 768w, https:\/\/www.radiopresidenteibanez.cl\/web\/wp-content\/uploads\/2019\/07\/DSC_4724.jpg 1500w\" sizes=\"auto, (max-width: 1024px) 100vw, 1024px\" \/><\/figure><\/li><li class=\"blocks-gallery-item\"><figure><img loading=\"lazy\" decoding=\"async\" width=\"1024\" height=\"678\" src=\"https:\/\/www.radiopresidenteibanez.cl\/web\/wp-content\/uploads\/2019\/07\/DSC_4766-1024x678.jpg\" alt=\"\" data-id=\"5830\" data-link=\"https:\/\/www.radiopresidenteibanez.cl\/web\/?attachment_id=5830\" class=\"wp-image-5830\" srcset=\"https:\/\/www.radiopresidenteibanez.cl\/web\/wp-content\/uploads\/2019\/07\/DSC_4766-1024x678.jpg 1024w, https:\/\/www.radiopresidenteibanez.cl\/web\/wp-content\/uploads\/2019\/07\/DSC_4766-300x199.jpg 300w, https:\/\/www.radiopresidenteibanez.cl\/web\/wp-content\/uploads\/2019\/07\/DSC_4766-768x508.jpg 768w, https:\/\/www.radiopresidenteibanez.cl\/web\/wp-content\/uploads\/2019\/07\/DSC_4766.jpg 1500w\" sizes=\"auto, (max-width: 1024px) 100vw, 1024px\" \/><\/figure><\/li><li class=\"blocks-gallery-item\"><figure><img loading=\"lazy\" decoding=\"async\" width=\"1024\" height=\"687\" src=\"https:\/\/www.radiopresidenteibanez.cl\/web\/wp-content\/uploads\/2019\/07\/DSC_4799-1024x687.jpg\" alt=\"\" data-id=\"5831\" data-link=\"https:\/\/www.radiopresidenteibanez.cl\/web\/?attachment_id=5831\" class=\"wp-image-5831\" srcset=\"https:\/\/www.radiopresidenteibanez.cl\/web\/wp-content\/uploads\/2019\/07\/DSC_4799-1024x687.jpg 1024w, https:\/\/www.radiopresidenteibanez.cl\/web\/wp-content\/uploads\/2019\/07\/DSC_4799-300x201.jpg 300w, https:\/\/www.radiopresidenteibanez.cl\/web\/wp-content\/uploads\/2019\/07\/DSC_4799-768x516.jpg 768w, https:\/\/www.radiopresidenteibanez.cl\/web\/wp-content\/uploads\/2019\/07\/DSC_4799.jpg 1500w\" sizes=\"auto, (max-width: 1024px) 100vw, 1024px\" \/><\/figure><\/li><li class=\"blocks-gallery-item\"><figure><img loading=\"lazy\" decoding=\"async\" width=\"1024\" height=\"663\" src=\"https:\/\/www.radiopresidenteibanez.cl\/web\/wp-content\/uploads\/2019\/07\/DSC_4828-1024x663.jpg\" alt=\"\" data-id=\"5832\" data-link=\"https:\/\/www.radiopresidenteibanez.cl\/web\/?attachment_id=5832\" class=\"wp-image-5832\" srcset=\"https:\/\/www.radiopresidenteibanez.cl\/web\/wp-content\/uploads\/2019\/07\/DSC_4828-1024x663.jpg 1024w, https:\/\/www.radiopresidenteibanez.cl\/web\/wp-content\/uploads\/2019\/07\/DSC_4828-300x194.jpg 300w, https:\/\/www.radiopresidenteibanez.cl\/web\/wp-content\/uploads\/2019\/07\/DSC_4828-768x497.jpg 768w, https:\/\/www.radiopresidenteibanez.cl\/web\/wp-content\/uploads\/2019\/07\/DSC_4828.jpg 1500w\" sizes=\"auto, (max-width: 1024px) 100vw, 1024px\" \/><\/figure><\/li><li class=\"blocks-gallery-item\"><figure><img loading=\"lazy\" decoding=\"async\" width=\"1024\" height=\"658\" src=\"https:\/\/www.radiopresidenteibanez.cl\/web\/wp-content\/uploads\/2019\/07\/DSC_4879-1024x658.jpg\" alt=\"\" data-id=\"5833\" data-link=\"https:\/\/www.radiopresidenteibanez.cl\/web\/?attachment_id=5833\" class=\"wp-image-5833\" srcset=\"https:\/\/www.radiopresidenteibanez.cl\/web\/wp-content\/uploads\/2019\/07\/DSC_4879-1024x658.jpg 1024w, https:\/\/www.radiopresidenteibanez.cl\/web\/wp-content\/uploads\/2019\/07\/DSC_4879-300x193.jpg 300w, https:\/\/www.radiopresidenteibanez.cl\/web\/wp-content\/uploads\/2019\/07\/DSC_4879-768x494.jpg 768w, https:\/\/www.radiopresidenteibanez.cl\/web\/wp-content\/uploads\/2019\/07\/DSC_4879.jpg 1500w\" sizes=\"auto, (max-width: 1024px) 100vw, 1024px\" \/><\/figure><\/li><li class=\"blocks-gallery-item\"><figure><img loading=\"lazy\" decoding=\"async\" width=\"1024\" height=\"646\" src=\"https:\/\/www.radiopresidenteibanez.cl\/web\/wp-content\/uploads\/2019\/07\/DSC_4890-1024x646.jpg\" alt=\"\" data-id=\"5834\" data-link=\"https:\/\/www.radiopresidenteibanez.cl\/web\/?attachment_id=5834\" class=\"wp-image-5834\" srcset=\"https:\/\/www.radiopresidenteibanez.cl\/web\/wp-content\/uploads\/2019\/07\/DSC_4890-1024x646.jpg 1024w, https:\/\/www.radiopresidenteibanez.cl\/web\/wp-content\/uploads\/2019\/07\/DSC_4890-300x189.jpg 300w, https:\/\/www.radiopresidenteibanez.cl\/web\/wp-content\/uploads\/2019\/07\/DSC_4890-768x485.jpg 768w, https:\/\/www.radiopresidenteibanez.cl\/web\/wp-content\/uploads\/2019\/07\/DSC_4890.jpg 1500w\" sizes=\"auto, (max-width: 1024px) 100vw, 1024px\" \/><\/figure><\/li><li class=\"blocks-gallery-item\"><figure><img loading=\"lazy\" decoding=\"async\" width=\"1024\" height=\"677\" src=\"https:\/\/www.radiopresidenteibanez.cl\/web\/wp-content\/uploads\/2019\/07\/DSC_5102-1024x677.jpg\" alt=\"\" data-id=\"5835\" data-link=\"https:\/\/www.radiopresidenteibanez.cl\/web\/?attachment_id=5835\" class=\"wp-image-5835\" srcset=\"https:\/\/www.radiopresidenteibanez.cl\/web\/wp-content\/uploads\/2019\/07\/DSC_5102-1024x677.jpg 1024w, https:\/\/www.radiopresidenteibanez.cl\/web\/wp-content\/uploads\/2019\/07\/DSC_5102-300x198.jpg 300w, https:\/\/www.radiopresidenteibanez.cl\/web\/wp-content\/uploads\/2019\/07\/DSC_5102-768x507.jpg 768w, https:\/\/www.radiopresidenteibanez.cl\/web\/wp-content\/uploads\/2019\/07\/DSC_5102.jpg 1500w\" sizes=\"auto, (max-width: 1024px) 100vw, 1024px\" \/><\/figure><\/li><li class=\"blocks-gallery-item\"><figure><img loading=\"lazy\" decoding=\"async\" width=\"656\" height=\"1024\" src=\"https:\/\/www.radiopresidenteibanez.cl\/web\/wp-content\/uploads\/2019\/07\/DSC_5113-656x1024.jpg\" alt=\"\" data-id=\"5836\" data-link=\"https:\/\/www.radiopresidenteibanez.cl\/web\/?attachment_id=5836\" class=\"wp-image-5836\" srcset=\"https:\/\/www.radiopresidenteibanez.cl\/web\/wp-content\/uploads\/2019\/07\/DSC_5113-656x1024.jpg 656w, https:\/\/www.radiopresidenteibanez.cl\/web\/wp-content\/uploads\/2019\/07\/DSC_5113-192x300.jpg 192w, https:\/\/www.radiopresidenteibanez.cl\/web\/wp-content\/uploads\/2019\/07\/DSC_5113-768x1200.jpg 768w, https:\/\/www.radiopresidenteibanez.cl\/web\/wp-content\/uploads\/2019\/07\/DSC_5113.jpg 1500w\" sizes=\"auto, (max-width: 656px) 100vw, 656px\" \/><\/figure><\/li><li class=\"blocks-gallery-item\"><figure><img loading=\"lazy\" decoding=\"async\" width=\"1024\" height=\"623\" src=\"https:\/\/www.radiopresidenteibanez.cl\/web\/wp-content\/uploads\/2019\/07\/DSC_5137-1024x623.jpg\" alt=\"\" data-id=\"5837\" data-link=\"https:\/\/www.radiopresidenteibanez.cl\/web\/?attachment_id=5837\" class=\"wp-image-5837\" srcset=\"https:\/\/www.radiopresidenteibanez.cl\/web\/wp-content\/uploads\/2019\/07\/DSC_5137-1024x623.jpg 1024w, https:\/\/www.radiopresidenteibanez.cl\/web\/wp-content\/uploads\/2019\/07\/DSC_5137-300x183.jpg 300w, https:\/\/www.radiopresidenteibanez.cl\/web\/wp-content\/uploads\/2019\/07\/DSC_5137-768x467.jpg 768w, https:\/\/www.radiopresidenteibanez.cl\/web\/wp-content\/uploads\/2019\/07\/DSC_5137.jpg 1500w\" sizes=\"auto, (max-width: 1024px) 100vw, 1024px\" \/><\/figure><\/li><li class=\"blocks-gallery-item\"><figure><img loading=\"lazy\" decoding=\"async\" width=\"1024\" height=\"698\" src=\"https:\/\/www.radiopresidenteibanez.cl\/web\/wp-content\/uploads\/2019\/07\/DSC_5155-1024x698.jpg\" alt=\"\" data-id=\"5838\" data-link=\"https:\/\/www.radiopresidenteibanez.cl\/web\/?attachment_id=5838\" class=\"wp-image-5838\" srcset=\"https:\/\/www.radiopresidenteibanez.cl\/web\/wp-content\/uploads\/2019\/07\/DSC_5155-1024x698.jpg 1024w, https:\/\/www.radiopresidenteibanez.cl\/web\/wp-content\/uploads\/2019\/07\/DSC_5155-300x204.jpg 300w, https:\/\/www.radiopresidenteibanez.cl\/web\/wp-content\/uploads\/2019\/07\/DSC_5155-768x523.jpg 768w, https:\/\/www.radiopresidenteibanez.cl\/web\/wp-content\/uploads\/2019\/07\/DSC_5155.jpg 1500w\" sizes=\"auto, (max-width: 1024px) 100vw, 1024px\" \/><\/figure><\/li><li class=\"blocks-gallery-item\"><figure><img loading=\"lazy\" decoding=\"async\" width=\"1024\" height=\"698\" src=\"https:\/\/www.radiopresidenteibanez.cl\/web\/wp-content\/uploads\/2019\/07\/DSC_5264-1024x698.jpg\" alt=\"\" data-id=\"5839\" data-link=\"https:\/\/www.radiopresidenteibanez.cl\/web\/?attachment_id=5839\" class=\"wp-image-5839\" srcset=\"https:\/\/www.radiopresidenteibanez.cl\/web\/wp-content\/uploads\/2019\/07\/DSC_5264-1024x698.jpg 1024w, https:\/\/www.radiopresidenteibanez.cl\/web\/wp-content\/uploads\/2019\/07\/DSC_5264-300x204.jpg 300w, https:\/\/www.radiopresidenteibanez.cl\/web\/wp-content\/uploads\/2019\/07\/DSC_5264-768x523.jpg 768w, https:\/\/www.radiopresidenteibanez.cl\/web\/wp-content\/uploads\/2019\/07\/DSC_5264.jpg 1500w\" sizes=\"auto, (max-width: 1024px) 100vw, 1024px\" \/><\/figure><\/li><li class=\"blocks-gallery-item\"><figure><img loading=\"lazy\" decoding=\"async\" width=\"1024\" height=\"718\" src=\"https:\/\/www.radiopresidenteibanez.cl\/web\/wp-content\/uploads\/2019\/07\/DSC_5273-1024x718.jpg\" alt=\"\" data-id=\"5840\" data-link=\"https:\/\/www.radiopresidenteibanez.cl\/web\/?attachment_id=5840\" class=\"wp-image-5840\" srcset=\"https:\/\/www.radiopresidenteibanez.cl\/web\/wp-content\/uploads\/2019\/07\/DSC_5273-1024x718.jpg 1024w, https:\/\/www.radiopresidenteibanez.cl\/web\/wp-content\/uploads\/2019\/07\/DSC_5273-300x210.jpg 300w, https:\/\/www.radiopresidenteibanez.cl\/web\/wp-content\/uploads\/2019\/07\/DSC_5273-768x539.jpg 768w, https:\/\/www.radiopresidenteibanez.cl\/web\/wp-content\/uploads\/2019\/07\/DSC_5273.jpg 1500w\" sizes=\"auto, (max-width: 1024px) 100vw, 1024px\" \/><\/figure><\/li><li class=\"blocks-gallery-item\"><figure><img loading=\"lazy\" decoding=\"async\" width=\"1024\" height=\"662\" src=\"https:\/\/www.radiopresidenteibanez.cl\/web\/wp-content\/uploads\/2019\/07\/DSC_5318-1024x662.jpg\" alt=\"\" data-id=\"5841\" data-link=\"https:\/\/www.radiopresidenteibanez.cl\/web\/?attachment_id=5841\" class=\"wp-image-5841\" srcset=\"https:\/\/www.radiopresidenteibanez.cl\/web\/wp-content\/uploads\/2019\/07\/DSC_5318-1024x662.jpg 1024w, https:\/\/www.radiopresidenteibanez.cl\/web\/wp-content\/uploads\/2019\/07\/DSC_5318-300x194.jpg 300w, https:\/\/www.radiopresidenteibanez.cl\/web\/wp-content\/uploads\/2019\/07\/DSC_5318-768x496.jpg 768w, https:\/\/www.radiopresidenteibanez.cl\/web\/wp-content\/uploads\/2019\/07\/DSC_5318.jpg 1500w\" sizes=\"auto, (max-width: 1024px) 100vw, 1024px\" \/><\/figure><\/li><li class=\"blocks-gallery-item\"><figure><img loading=\"lazy\" decoding=\"async\" width=\"1024\" height=\"669\" src=\"https:\/\/www.radiopresidenteibanez.cl\/web\/wp-content\/uploads\/2019\/07\/DSC_5339-1024x669.jpg\" alt=\"\" data-id=\"5842\" data-link=\"https:\/\/www.radiopresidenteibanez.cl\/web\/?attachment_id=5842\" class=\"wp-image-5842\" srcset=\"https:\/\/www.radiopresidenteibanez.cl\/web\/wp-content\/uploads\/2019\/07\/DSC_5339-1024x669.jpg 1024w, https:\/\/www.radiopresidenteibanez.cl\/web\/wp-content\/uploads\/2019\/07\/DSC_5339-300x196.jpg 300w, https:\/\/www.radiopresidenteibanez.cl\/web\/wp-content\/uploads\/2019\/07\/DSC_5339-768x502.jpg 768w, https:\/\/www.radiopresidenteibanez.cl\/web\/wp-content\/uploads\/2019\/07\/DSC_5339.jpg 1500w\" sizes=\"auto, (max-width: 1024px) 100vw, 1024px\" \/><\/figure><\/li><\/ul>\n","protected":false},"excerpt":{"rendered":"<p>Cerca de 20 mil personas participaron de la primera jornada del Carnaval de Invierno 2019, en la oportunidad dos mil fueron los participantes en distintas alegor\u00edas, cabe mencionar que este&#8230; <a class=\"read-more\" href=\"https:\/\/www.radiopresidenteibanez.cl\/web\/primera-jornada-del-carnaval-el-frio-ni-la-aguanieve-pararon-a-las-miles-de-personas-que-llegaron-hasta-el-centro-de-punta-arenas\/\">Leer m\u00e1s<\/a><\/p>\n","protected":false},"author":2,"featured_media":5828,"comment_status":"closed","ping_status":"closed","sticky":false,"template":"","format":"standard","meta":{"footnotes":""},"categories":[1,7],"tags":[],"class_list":["post-5820","post","type-post","status-publish","format-standard","has-post-thumbnail","hentry","category-cronica","category-galeria-de-fotos"],"_links":{"self":[{"href":"https:\/\/www.radiopresidenteibanez.cl\/web\/wp-json\/wp\/v2\/posts\/5820","targetHints":{"allow":["GET"]}}],"collection":[{"href":"https:\/\/www.radiopresidenteibanez.cl\/web\/wp-json\/wp\/v2\/posts"}],"about":[{"href":"https:\/\/www.radiopresidenteibanez.cl\/web\/wp-json\/wp\/v2\/types\/post"}],"author":[{"embeddable":true,"href":"https:\/\/www.radiopresidenteibanez.cl\/web\/wp-json\/wp\/v2\/users\/2"}],"replies":[{"embeddable":true,"href":"https:\/\/www.radiopresidenteibanez.cl\/web\/wp-json\/wp\/v2\/comments?post=5820"}],"version-history":[{"count":0,"href":"https:\/\/www.radiopresidenteibanez.cl\/web\/wp-json\/wp\/v2\/posts\/5820\/revisions"}],"wp:featuredmedia":[{"embeddable":true,"href":"https:\/\/www.radiopresidenteibanez.cl\/web\/wp-json\/wp\/v2\/media\/5828"}],"wp:attachment":[{"href":"https:\/\/www.radiopresidenteibanez.cl\/web\/wp-json\/wp\/v2\/media?parent=5820"}],"wp:term":[{"taxonomy":"category","embeddable":true,"href":"https:\/\/www.radiopresidenteibanez.cl\/web\/wp-json\/wp\/v2\/categories?post=5820"},{"taxonomy":"post_tag","embeddable":true,"href":"https:\/\/www.radiopresidenteibanez.cl\/web\/wp-json\/wp\/v2\/tags?post=5820"}],"curies":[{"name":"wp","href":"https:\/\/api.w.org\/{rel}","templated":true}]}}