{"id":58199,"date":"2025-08-12T08:22:57","date_gmt":"2025-08-12T11:22:57","guid":{"rendered":"https:\/\/www.radiopresidenteibanez.cl\/web\/?p=58199"},"modified":"2025-08-12T08:24:13","modified_gmt":"2025-08-12T11:24:13","slug":"actor-jaime-lorca-impartira-seminario-de-movimiento-de-marionetas-y-mascaras-en-punta-arenas","status":"publish","type":"post","link":"https:\/\/www.radiopresidenteibanez.cl\/web\/actor-jaime-lorca-impartira-seminario-de-movimiento-de-marionetas-y-mascaras-en-punta-arenas\/","title":{"rendered":"Actor Jaime Lorca impartir\u00e1 Seminario de Movimiento de marionetas y m\u00e1scaras en Punta Arenas"},"content":{"rendered":"\n<p>Contin\u00faa la experiencia de profesionalizaci\u00f3n para artistas esc\u00e9nicos en<br>Magallanes. Este martes, 12 de agosto 2025, parte la segunda parte de CIEMSA: [ Centro de<br>Investigaci\u00f3n y Exploraci\u00f3n de Movimiento al Sur Austral ] que organiza La \u00daltima compa\u00f1\u00eda<br>de teatro, gracias al financiamiento del Ministerio de las Culturas, las Artes y el Patrimonio a<br>trav\u00e9s del Fondo de Artes Esc\u00e9nicas convocatoria 2025.<br>Esta vez se trata del Seminario de Movimiento: marionetas y m\u00e1scaras, que impartir\u00e1 el<br>destacado actor Jaime Lorca, director de la compa\u00f1\u00eda Viajeinm\u00f3vil \u2013agrupaci\u00f3n que lleva<br>veinte a\u00f1os trabajando por el desarrollo y promoci\u00f3n del teatro de animaci\u00f3n (objetos y<br>marionetas) en Chile y el mundo.<br>El Seminario de Movimiento: marionetas y m\u00e1scaras se realizar\u00e1 desde el 12 al 15 de<br>agosto en el Espacio Cultural Casa N\u00f3made, inaugurando a la vez dicho espacio cultural en<br>Punta Arenas.<br>Los cupos para participar se encuentran completos, por lo que el director de La \u00daltima<br>expres\u00f3 su gratitud hacia la comunidad esc\u00e9nica local. \u201cAgradecemos la motivaci\u00f3n y el<br>compromiso para ser parte de CIEMSA, una experiencia de formaci\u00f3n y profesionalizaci\u00f3n<br>de las Artes Esc\u00e9nicas en Magallanes que esperamos sea el inicio de una l\u00ednea de trabajo<br>constante por parte de nuestra compa\u00f1\u00eda\u201d, expres\u00f3 Cristi\u00e1n Bustamante Guerrero. \u201cAdem\u00e1s<br>\u2013a\u00f1adi\u00f3\u2013 es un honor para nosotros poder recibir en Punta Arenas, a una artista de tanta<br>trayectoria como es el maestro Jaime Lorca\u201d.<br>CIEMSA, es una iniciativa de la compa\u00f1\u00eda de Teatro La \u00daltima financiada por el Ministerio de<br>las Culturas, las Artes y el Patrimonio, a trav\u00e9s del Fondo de Artes Esc\u00e9nicas, convocatoria<br>2025, que contempla dos experiencias de formaci\u00f3n para actores, actrices, artistas visuales<br>y docentes: un taller de creaci\u00f3n de m\u00e1scaras teatrales, que realiz\u00f3 Tom\u00e1s O\u2019Ryan del 28 al<\/p>\n\n\n\n<p>31 de julio en el Centro Cultural Claudio Paredes Chamorro y el Seminario de Movimiento:<br>marionetas y m\u00e1scaras, a cargo de Jaime Lorca, que dar\u00e1 continuidad al trabajo realizado<br>previamente, pero adem\u00e1s abri\u00f3 la posibilidad a la participaci\u00f3n de diez nuevos<br>participantes.<\/p>\n","protected":false},"excerpt":{"rendered":"<p>Contin\u00faa la experiencia de profesionalizaci\u00f3n para artistas esc\u00e9nicos enMagallanes. Este martes, 12 de agosto 2025, parte la segunda parte de CIEMSA: [ Centro deInvestigaci\u00f3n y Exploraci\u00f3n de Movimiento al Sur&#8230; <a class=\"read-more\" href=\"https:\/\/www.radiopresidenteibanez.cl\/web\/actor-jaime-lorca-impartira-seminario-de-movimiento-de-marionetas-y-mascaras-en-punta-arenas\/\">Leer m\u00e1s<\/a><\/p>\n","protected":false},"author":2,"featured_media":58200,"comment_status":"closed","ping_status":"closed","sticky":false,"template":"","format":"standard","meta":{"footnotes":""},"categories":[1],"tags":[],"class_list":["post-58199","post","type-post","status-publish","format-standard","has-post-thumbnail","hentry","category-cronica"],"_links":{"self":[{"href":"https:\/\/www.radiopresidenteibanez.cl\/web\/wp-json\/wp\/v2\/posts\/58199","targetHints":{"allow":["GET"]}}],"collection":[{"href":"https:\/\/www.radiopresidenteibanez.cl\/web\/wp-json\/wp\/v2\/posts"}],"about":[{"href":"https:\/\/www.radiopresidenteibanez.cl\/web\/wp-json\/wp\/v2\/types\/post"}],"author":[{"embeddable":true,"href":"https:\/\/www.radiopresidenteibanez.cl\/web\/wp-json\/wp\/v2\/users\/2"}],"replies":[{"embeddable":true,"href":"https:\/\/www.radiopresidenteibanez.cl\/web\/wp-json\/wp\/v2\/comments?post=58199"}],"version-history":[{"count":0,"href":"https:\/\/www.radiopresidenteibanez.cl\/web\/wp-json\/wp\/v2\/posts\/58199\/revisions"}],"wp:featuredmedia":[{"embeddable":true,"href":"https:\/\/www.radiopresidenteibanez.cl\/web\/wp-json\/wp\/v2\/media\/58200"}],"wp:attachment":[{"href":"https:\/\/www.radiopresidenteibanez.cl\/web\/wp-json\/wp\/v2\/media?parent=58199"}],"wp:term":[{"taxonomy":"category","embeddable":true,"href":"https:\/\/www.radiopresidenteibanez.cl\/web\/wp-json\/wp\/v2\/categories?post=58199"},{"taxonomy":"post_tag","embeddable":true,"href":"https:\/\/www.radiopresidenteibanez.cl\/web\/wp-json\/wp\/v2\/tags?post=58199"}],"curies":[{"name":"wp","href":"https:\/\/api.w.org\/{rel}","templated":true}]}}