{"id":58193,"date":"2025-08-11T17:36:00","date_gmt":"2025-08-11T20:36:00","guid":{"rendered":"https:\/\/www.radiopresidenteibanez.cl\/web\/?p=58193"},"modified":"2025-08-11T15:16:28","modified_gmt":"2025-08-11T18:16:28","slug":"50-emprendedores-de-puerto-natales-se-graduan-de-la-academia-de-formacion-de-aquachile-y-adquieren-herramientas-clave-para-impulsar-el-exito-de-sus-negocios","status":"publish","type":"post","link":"https:\/\/www.radiopresidenteibanez.cl\/web\/50-emprendedores-de-puerto-natales-se-graduan-de-la-academia-de-formacion-de-aquachile-y-adquieren-herramientas-clave-para-impulsar-el-exito-de-sus-negocios\/","title":{"rendered":"50 Emprendedores de Puerto Natales se grad\u00faan de la Academia de formaci\u00f3n de AquaChile y adquieren herramientas clave para impulsar el \u00e9xito de sus negocios"},"content":{"rendered":"\n<p>Emprendedores de la localidad de Puerto Natales participaron en la Academia de Formaci\u00f3n 2025, una iniciativa impulsada por AquaChile con el objetivo de potenciar el desarrollo local y el ecosistema emprendedor en la regi\u00f3n de Magallanes.<\/p>\n\n\n\n<p>Durante el programa, que const\u00f3 de dos semanas intensivas, los asistentes fortalecieron sus competencias emprendedoras, trabajaron en el prop\u00f3sito de sus negocios y profundizaron en herramientas como propuesta de valor, segmentaci\u00f3n de clientes, modelo de negocios y pitch. La Academia representa el primer paso de un proceso m\u00e1s amplio de apoyo a los emprendedores de la zona, que continuar\u00e1 con el programa \u00abPotencia y Comunica tu Marca\u00bb, enfocado en la construcci\u00f3n de identidad visual y la entrega de kits de marca personalizados para cada negocio.<\/p>\n\n\n\n<p>\u201cEn AquaChile estamos comprometidos con el desarrollo de las localidades donde operamos\u201d, afirm\u00f3 la gerente regional Puerto Natales AquaChile, Brenda Vera, tras se\u00f1alar que el crecimiento de la empresa debe ir de la mano con las comunidades que nos acogen. Esto, principalmente a partir de la generaci\u00f3n de empleo y servicios, pero tambi\u00e9n por las oportunidades de fortalecer el capital humano en el territorio. \u201cEsta academia de emprendimiento implementada por Balloon Latam es un tremendo aporte al desarrollo de todo el talento emprendedor que tenemos en nuestra comuna de Natales.\u201d, agreg\u00f3 la gerente regional Puerto Natales AquaChile.<\/p>\n\n\n\n<p>\u201cEn Balloon Latam nos mueve generar transformaciones reales desde los territorios. La experiencia en Puerto Natales ha sido profundamente valiosa, no solo por el entusiasmo de los emprendedores, sino por la posibilidad de generar lazos de confianza y colaboraci\u00f3n duradera entre personas, organizaciones y empresas\u201d, dijo el Director Nacional de Territorios de Balloon Latam, Patricio Jara.<\/p>\n\n\n\n<p>Una de las participantes, Celeste Contreras, emprendedora de la localidad de Puerto Natales, valor\u00f3 la experiencia, donde coment\u00f3 que \u201cen todas las sesiones nos permitieron acuerpar el conocimiento, la experiencia de nuestros emprendimientos, ordenar las ideas y profesionalizar un poco lo que estamos haciendo. Equilibraron la balanza de las que saben mucho y las que saben menos en un espacio donde todas pod\u00edamos confluir y presentar nuestras dudas\u201d.<\/p>\n\n\n\n<p>El siguiente hito ser\u00e1 en septiembre con el inicio del programa de desarrollo de marca, que permitir\u00e1 a los emprendedores contar con logotipos dise\u00f1ados profesionalmente y materiales gr\u00e1ficos que fortalezcan su presencia en el mercado. Finalmente, en noviembre se realizar\u00e1 una feria de emprendimiento local, donde se presentar\u00e1n los avances de todos los participantes ante la comunidad.<\/p>\n","protected":false},"excerpt":{"rendered":"<p>Emprendedores de la localidad de Puerto Natales participaron en la Academia de Formaci\u00f3n 2025, una iniciativa impulsada por AquaChile con el objetivo de potenciar el desarrollo local y el ecosistema&#8230; <a class=\"read-more\" href=\"https:\/\/www.radiopresidenteibanez.cl\/web\/50-emprendedores-de-puerto-natales-se-graduan-de-la-academia-de-formacion-de-aquachile-y-adquieren-herramientas-clave-para-impulsar-el-exito-de-sus-negocios\/\">Leer m\u00e1s<\/a><\/p>\n","protected":false},"author":2,"featured_media":58194,"comment_status":"closed","ping_status":"closed","sticky":false,"template":"","format":"standard","meta":{"footnotes":""},"categories":[1],"tags":[],"class_list":["post-58193","post","type-post","status-publish","format-standard","has-post-thumbnail","hentry","category-cronica"],"_links":{"self":[{"href":"https:\/\/www.radiopresidenteibanez.cl\/web\/wp-json\/wp\/v2\/posts\/58193","targetHints":{"allow":["GET"]}}],"collection":[{"href":"https:\/\/www.radiopresidenteibanez.cl\/web\/wp-json\/wp\/v2\/posts"}],"about":[{"href":"https:\/\/www.radiopresidenteibanez.cl\/web\/wp-json\/wp\/v2\/types\/post"}],"author":[{"embeddable":true,"href":"https:\/\/www.radiopresidenteibanez.cl\/web\/wp-json\/wp\/v2\/users\/2"}],"replies":[{"embeddable":true,"href":"https:\/\/www.radiopresidenteibanez.cl\/web\/wp-json\/wp\/v2\/comments?post=58193"}],"version-history":[{"count":0,"href":"https:\/\/www.radiopresidenteibanez.cl\/web\/wp-json\/wp\/v2\/posts\/58193\/revisions"}],"wp:featuredmedia":[{"embeddable":true,"href":"https:\/\/www.radiopresidenteibanez.cl\/web\/wp-json\/wp\/v2\/media\/58194"}],"wp:attachment":[{"href":"https:\/\/www.radiopresidenteibanez.cl\/web\/wp-json\/wp\/v2\/media?parent=58193"}],"wp:term":[{"taxonomy":"category","embeddable":true,"href":"https:\/\/www.radiopresidenteibanez.cl\/web\/wp-json\/wp\/v2\/categories?post=58193"},{"taxonomy":"post_tag","embeddable":true,"href":"https:\/\/www.radiopresidenteibanez.cl\/web\/wp-json\/wp\/v2\/tags?post=58193"}],"curies":[{"name":"wp","href":"https:\/\/api.w.org\/{rel}","templated":true}]}}