{"id":58190,"date":"2025-08-11T16:13:00","date_gmt":"2025-08-11T19:13:00","guid":{"rendered":"https:\/\/www.radiopresidenteibanez.cl\/web\/?p=58190"},"modified":"2025-08-11T15:08:00","modified_gmt":"2025-08-11T18:08:00","slug":"llaman-a-victimas-a-denunciar-maltratos-bajo-custodia-del-estado-ante-comision-verdad-y-ninez","status":"publish","type":"post","link":"https:\/\/www.radiopresidenteibanez.cl\/web\/llaman-a-victimas-a-denunciar-maltratos-bajo-custodia-del-estado-ante-comision-verdad-y-ninez\/","title":{"rendered":"LLAMAN A V\u00cdCTIMAS A DENUNCIAR MALTRATOS BAJO CUSTODIA DEL ESTADO ANTE COMISI\u00d3N VERDAD Y NI\u00d1EZ"},"content":{"rendered":"\n<p>Como instancia in\u00e9dita en nuestro pa\u00eds, la Comisi\u00f3n Verdad y Ni\u00f1ez, mandatada por el Presidente Gabriel Boric, se encuentra en proceso de agendamiento desde el pasado 1 de agosto, para la recolecci\u00f3n de testimonios de ni\u00f1os, ni\u00f1as y adolescentes (NNA) que hayan sido v\u00edctimas de abusos en centros del Sename, justicia juvenil o residencias privadas entre 1979 y 2021.<\/p>\n\n\n\n<p>As\u00ed lo inform\u00f3 recientemente el Ministro de Justicia y Derechos Humanos, Jaime Gajardo, junto a la presidenta de dicha Comisi\u00f3n Asesora Presidencial, Soledad Larra\u00edn, al explicar la labor que desarrolla esta instancia hist\u00f3rica, cuyo eje central del trabajo es el esclarecimiento de la verdad y el reconocimiento de las v\u00edctimas para as\u00ed contribuir a la justicia, y proponer al Presidente medidas reparatorias y garant\u00edas de no repetici\u00f3n.<\/p>\n\n\n\n<p>Como un acto de verdad, justicia y reparaci\u00f3n para NNA que sufrieron vulneraciones graves a sus derechos fundamentales mientras estuvieron bajo la tutela del Estado, la Seremi de Justicia y DD.HH., Michelle Peutat, resalt\u00f3 que <em>\u201c<\/em>el escuchar a las v\u00edctimas y los sobrevivientes es central para avanzar en la garant\u00eda de derechos de ni\u00f1os, ni\u00f1as y adolescentes. Esta Comisi\u00f3n busca, a partir de los distintos testimonios recogidos, poder sistematizar toda esa informaci\u00f3n y establecer los patrones de vulneraciones y violaciones a los derechos humanos, y tambi\u00e9n plantearle al conjunto del pa\u00eds cu\u00e1les son las medidas para reparar, para que las instituciones no vuelvan a cometer estas violaciones y como garant\u00edas de no repetici\u00f3n\u201d.<\/p>\n\n\n\n<p>Aqu\u00ed resulta clave el car\u00e1cter hist\u00f3rico y reparatorio del proceso, que busca saldar una deuda hist\u00f3rica que tiene el Estado de Chile con los ni\u00f1os, ni\u00f1as y adolescentes, quienes en lugar de protecci\u00f3n han recibido durante d\u00e9cadas violencia, invisibilidad, aislamiento y dificultades para poder integrarse despu\u00e9s a una sociedad. <em>\u201c<\/em>En ese sentido, la tarea nuestra es reconocer a las v\u00edctimas, esclarecer la verdad y proponer medidas de reparaci\u00f3n y garant\u00edas de no repetici\u00f3n. Los pr\u00f3ximos meses son claves para la recepci\u00f3n de testimonios, proceso conducido por profesionales capacitados con protocolos dise\u00f1ados para resguardar la privacidad, la dignidad y la seguridad emocional de cada persona\u201d<em>, <\/em>subray\u00f3.<\/p>\n\n\n\n<p>Finalmente, formul\u00f3 un llamado directo a las personas que hayan sido v\u00edctimas de vulneraciones durante su infancia o adolescencia bajo custodia estatal, a entregar su testimonio de forma presencial, virtual o por escrito, al ser algo fundamental para construir una verdad hist\u00f3rica que no solo reconozca el da\u00f1o vivido, sino que transforme para siempre la manera en que el Estado se vincula con la ni\u00f1ez institucionalizada. Para mayor informaci\u00f3n, dirigirse al sitio web:&nbsp;<a href=\"http:\/\/www.xn--comisionverdadniez-20b.gob.cl\/?fbclid=IwZXh0bgNhZW0CMTAAYnJpZBExcTE1UmZJWFJhV2FFZXZzTAEeVlg9qniU8Vo7pQxflytfhC_tRDqjU5Da-q9IQlfgj4GnC8R3NmW7tEPOoFQ_aem_UUVm0Rikjv7UaCd8xHeMKg\" target=\"_blank\" rel=\"noreferrer noopener\"><strong>http:\/\/www.xn--comisionverdadniez-20b.gob.cl\/<\/strong><\/a><\/p>\n\n\n\n<p>La Comisi\u00f3n Verdad y Ni\u00f1ez fue creada en diciembre de 2024 y est\u00e1 integrada por siete personas expertas en materias de infancia, derechos humanos, justicia y pol\u00edticas p\u00fablicas: Soledad Larra\u00edn Heiremans, psic\u00f3loga y mag\u00edster en estudios de familia; Miguel Cillero Bru\u00f1ol, abogado y doctor en Derecho, especialista en derechos de la ni\u00f1ez; Carmen Dom\u00ednguez Hidalgo, abogada, mag\u00edster y doctora en Derecho, experta en derecho de familia; Mat\u00edas Marchant Reyes, psic\u00f3logo, mag\u00edster y doctor en Filosof\u00eda, acad\u00e9mico en estudios de infancias; Judith Sch\u00f6nsteiner, doctora en Derecho, mag\u00edster en Derecho Internacional de los Derechos Humanos y especialista en derechos humanos; Mar\u00eda Estela Ort\u00edz Rojas, educadora y experta en primera infancia; Sebasti\u00e1n Valenzuela Ag\u00fcero, abogado y mag\u00edster en Derecho Penal, ex Subsecretario de Justicia y especialista en justicia juvenil.<\/p>\n","protected":false},"excerpt":{"rendered":"<p>Como instancia in\u00e9dita en nuestro pa\u00eds, la Comisi\u00f3n Verdad y Ni\u00f1ez, mandatada por el Presidente Gabriel Boric, se encuentra en proceso de agendamiento desde el pasado 1 de agosto, para&#8230; <a class=\"read-more\" href=\"https:\/\/www.radiopresidenteibanez.cl\/web\/llaman-a-victimas-a-denunciar-maltratos-bajo-custodia-del-estado-ante-comision-verdad-y-ninez\/\">Leer m\u00e1s<\/a><\/p>\n","protected":false},"author":2,"featured_media":58191,"comment_status":"closed","ping_status":"closed","sticky":false,"template":"","format":"standard","meta":{"footnotes":""},"categories":[1],"tags":[],"class_list":["post-58190","post","type-post","status-publish","format-standard","has-post-thumbnail","hentry","category-cronica"],"_links":{"self":[{"href":"https:\/\/www.radiopresidenteibanez.cl\/web\/wp-json\/wp\/v2\/posts\/58190","targetHints":{"allow":["GET"]}}],"collection":[{"href":"https:\/\/www.radiopresidenteibanez.cl\/web\/wp-json\/wp\/v2\/posts"}],"about":[{"href":"https:\/\/www.radiopresidenteibanez.cl\/web\/wp-json\/wp\/v2\/types\/post"}],"author":[{"embeddable":true,"href":"https:\/\/www.radiopresidenteibanez.cl\/web\/wp-json\/wp\/v2\/users\/2"}],"replies":[{"embeddable":true,"href":"https:\/\/www.radiopresidenteibanez.cl\/web\/wp-json\/wp\/v2\/comments?post=58190"}],"version-history":[{"count":0,"href":"https:\/\/www.radiopresidenteibanez.cl\/web\/wp-json\/wp\/v2\/posts\/58190\/revisions"}],"wp:featuredmedia":[{"embeddable":true,"href":"https:\/\/www.radiopresidenteibanez.cl\/web\/wp-json\/wp\/v2\/media\/58191"}],"wp:attachment":[{"href":"https:\/\/www.radiopresidenteibanez.cl\/web\/wp-json\/wp\/v2\/media?parent=58190"}],"wp:term":[{"taxonomy":"category","embeddable":true,"href":"https:\/\/www.radiopresidenteibanez.cl\/web\/wp-json\/wp\/v2\/categories?post=58190"},{"taxonomy":"post_tag","embeddable":true,"href":"https:\/\/www.radiopresidenteibanez.cl\/web\/wp-json\/wp\/v2\/tags?post=58190"}],"curies":[{"name":"wp","href":"https:\/\/api.w.org\/{rel}","templated":true}]}}