{"id":58187,"date":"2025-08-11T15:19:00","date_gmt":"2025-08-11T18:19:00","guid":{"rendered":"https:\/\/www.radiopresidenteibanez.cl\/web\/?p=58187"},"modified":"2025-08-11T11:25:28","modified_gmt":"2025-08-11T14:25:28","slug":"dialogos-en-movimiento-inicia-experiencia-de-intercambio-interregional","status":"publish","type":"post","link":"https:\/\/www.radiopresidenteibanez.cl\/web\/dialogos-en-movimiento-inicia-experiencia-de-intercambio-interregional\/","title":{"rendered":"Di\u00e1logos en Movimiento inicia experiencia de intercambio interregional"},"content":{"rendered":"\n<p>Un nuevo truco para acercarse a la lectura. Estudiantes de la escuela Punta<br>Delgada de la comuna de San Gregorio, leyeron y conversaron con Alejandra<br>Mu\u00f1oz, autora del libro \u201cQuiero vale cuatro\u201d.<br>El encuentro se concret\u00f3 el reciente mi\u00e9rcoles en el contexto de un nuevo<br>cap\u00edtulo del programa Di\u00e1logos en Movimiento, que impulsa en la regi\u00f3n la<br>Seremi de las Culturas y las Artes. La jornada, marcada por una din\u00e1mica y<br>entretenida conversaci\u00f3n en torno a las historias del campo y al juego de naipes<br>con baraja espa\u00f1ola, dio inicio al intercambio interregional de escritores, nuevo<br>formato de la iniciativa institucional que fomenta la lectura.<br>\u201cEsta idea de intercambio regional surge tras el objetivo de potenciar la<br>circulaci\u00f3n y la plataforma austral para artistas de las regiones de Ays\u00e9n y<br>Magallanes. No nos une s\u00f3lo el territorio de la Patagonia, tambi\u00e9n nos hermanan<br>las tradiciones, costumbres, historia y cultura. Queremos visibilizar esa<br>vinculaci\u00f3n estrecha desde la mirada de las y los creadores\u201d, explic\u00f3 el seremi<br>de las Culturas, Luis Navarro.<br>El Di\u00e1logo convoc\u00f3 a 25 estudiantes, la totalidad de la matr\u00edcula del<br>establecimiento. Adem\u00e1s de plantear preguntas y comentarios a la escritora<br>sobre el texto y su trayectoria literaria, la entusiasta audiencia exhibi\u00f3 y regal\u00f3 a<br>la autora dibujos, naipes en formato gigante, maquetas, videos y figuras en<br>plastilina, todas elaboradas por las y los alumnos.<br>\u201cNosotros hicimos, con todos los compa\u00f1eros de la escuela, una maqueta o<br>cartas, o lo que sea. Se presentaron a la autora y la autora decidi\u00f3. Me pareci\u00f3<br>muy bien (el libro) y me dej\u00f3 un gran aprendizaje, que fue que no hay que<\/p>\n\n\n\n<p>discriminar a las personas por su g\u00e9nero o por como son\u201d, coment\u00f3 la alumna,<br>Francis Figueroa.<br>La escritora valor\u00f3 la iniciativa de la Seremi de las Culturas y destac\u00f3 la<br>participaci\u00f3n del alumnado. \u201c(Fue) Muy gratificante. Mucho entusiasmo de parte<br>de los ni\u00f1os y de las ni\u00f1as. Inter\u00e9s en hacer preguntas, en conversar con una, a<br>pesar de que hay una gran diferencia de edad. De repente uno dice que van a<br>querer escuchar a una se\u00f1ora, pero sent\u00ed que hubo mucha qu\u00edmica. As\u00ed es que, de<br>verdad, agradezco mucho al programa Di\u00e1logos en Movimiento, que nos permite<br>a las personas que escribimos hacer algo que, yo les contaba a los ni\u00f1os, es una<br>oportunidad \u00fanica, que uno pueda conversar con la gente que lee lo que uno ha<br>escrito. Eso es algo que muy pocas veces las personas pueden experimentar\u201d,<br>precis\u00f3.<br>Esta experiencia de intercambio completar\u00e1 su ciclo con la visita del escritor<br>magall\u00e1nico, \u00d3scar Barrientos a la regi\u00f3n de Ays\u00e9n. Ees Di\u00e1logo en Movimiento se<br>concretar\u00e1 en establecimientos de Coyhaique y Ma\u00f1ihuales, el 14 y 15 de agosto,<br>respectivamente.<br>QUIERO VALE CUATRO<br>El texto \u201cQuiero vale cuatro\u201d se centra en Emilia, quien vive en la ciudad, pero<br>adora ir al campo de sus padres los fines de semana para cuidar las ovejas y<br>cabalgar hacia el mall\u00edn en su yegua Paloma, para luchar contra el monstruo que<br>all\u00ed habita. Cuando su t\u00edo llega de visita a la casa, Emilia aprovecha de pedirle<br>que le ense\u00f1e a jugar&nbsp;Truco, juego tradicional en Ays\u00e9n. Ese d\u00eda comienza una<br>aventura en la que Emilia descubrir\u00e1 todo su temple y, cual sota de espadas,<br>lograr\u00e1 derrotar al temido monstruo de lo imposible.<\/p>\n","protected":false},"excerpt":{"rendered":"<p>Un nuevo truco para acercarse a la lectura. Estudiantes de la escuela PuntaDelgada de la comuna de San Gregorio, leyeron y conversaron con AlejandraMu\u00f1oz, autora del libro \u201cQuiero vale cuatro\u201d.El&#8230; <a class=\"read-more\" href=\"https:\/\/www.radiopresidenteibanez.cl\/web\/dialogos-en-movimiento-inicia-experiencia-de-intercambio-interregional\/\">Leer m\u00e1s<\/a><\/p>\n","protected":false},"author":2,"featured_media":58188,"comment_status":"closed","ping_status":"closed","sticky":false,"template":"","format":"standard","meta":{"footnotes":""},"categories":[1],"tags":[],"class_list":["post-58187","post","type-post","status-publish","format-standard","has-post-thumbnail","hentry","category-cronica"],"_links":{"self":[{"href":"https:\/\/www.radiopresidenteibanez.cl\/web\/wp-json\/wp\/v2\/posts\/58187","targetHints":{"allow":["GET"]}}],"collection":[{"href":"https:\/\/www.radiopresidenteibanez.cl\/web\/wp-json\/wp\/v2\/posts"}],"about":[{"href":"https:\/\/www.radiopresidenteibanez.cl\/web\/wp-json\/wp\/v2\/types\/post"}],"author":[{"embeddable":true,"href":"https:\/\/www.radiopresidenteibanez.cl\/web\/wp-json\/wp\/v2\/users\/2"}],"replies":[{"embeddable":true,"href":"https:\/\/www.radiopresidenteibanez.cl\/web\/wp-json\/wp\/v2\/comments?post=58187"}],"version-history":[{"count":0,"href":"https:\/\/www.radiopresidenteibanez.cl\/web\/wp-json\/wp\/v2\/posts\/58187\/revisions"}],"wp:featuredmedia":[{"embeddable":true,"href":"https:\/\/www.radiopresidenteibanez.cl\/web\/wp-json\/wp\/v2\/media\/58188"}],"wp:attachment":[{"href":"https:\/\/www.radiopresidenteibanez.cl\/web\/wp-json\/wp\/v2\/media?parent=58187"}],"wp:term":[{"taxonomy":"category","embeddable":true,"href":"https:\/\/www.radiopresidenteibanez.cl\/web\/wp-json\/wp\/v2\/categories?post=58187"},{"taxonomy":"post_tag","embeddable":true,"href":"https:\/\/www.radiopresidenteibanez.cl\/web\/wp-json\/wp\/v2\/tags?post=58187"}],"curies":[{"name":"wp","href":"https:\/\/api.w.org\/{rel}","templated":true}]}}