{"id":58181,"date":"2025-08-11T11:56:00","date_gmt":"2025-08-11T14:56:00","guid":{"rendered":"https:\/\/www.radiopresidenteibanez.cl\/web\/?p=58181"},"modified":"2025-08-11T10:45:15","modified_gmt":"2025-08-11T13:45:15","slug":"tesis-con-proposito-comienza-concurso-para-difundir-investigaciones-sobre-reinsercion-social-juvenil","status":"publish","type":"post","link":"https:\/\/www.radiopresidenteibanez.cl\/web\/tesis-con-proposito-comienza-concurso-para-difundir-investigaciones-sobre-reinsercion-social-juvenil\/","title":{"rendered":"\u201cTESIS CON PROP\u00d3SITO\u201d: COMIENZA CONCURSO PARA DIFUNDIR INVESTIGACIONES SOBRE REINSERCI\u00d3N SOCIAL JUVENIL"},"content":{"rendered":"\n<p>El Servicio Nacional de Reinserci\u00f3n Social Juvenil lanz\u00f3 p\u00fablicamente la convocatoria a participar del concurso \u201cTesis con Prop\u00f3sito: J\u00f3venes, Justicia y Reinserci\u00f3n\u201d, una iniciativa que surge del compromiso del Servicio por fomentar la innovaci\u00f3n, la investigaci\u00f3n y el trabajo colaborativo con universidades, centros de estudio y profesionales del \u00e1mbito p\u00fablico y privado.<\/p>\n\n\n\n<p>Las postulaciones al concurso est\u00e1n organizadas en dos modalidades, seg\u00fan el nivel acad\u00e9mico. Por un lado, se podr\u00e1 postular con tesis de pregrado, correspondientes a carreras de ocho semestres o m\u00e1s, que permiten optar al grado de Licenciado o al t\u00edtulo profesional, relacionados con reinserci\u00f3n la reinserci\u00f3n social juvenil. Adem\u00e1s, podr\u00e1n participar quienes est\u00e9n desarrollando tesis de posgrado, correspondientes a programas de Mag\u00edster y Doctorado en las distintas disciplinas relacionados con la tem\u00e1tica.<\/p>\n\n\n\n<p>Para la directora nacional del Servicio de Reinserci\u00f3n Social Juvenil, Roc\u00edo Fa\u00fandez, este primer concurso es de gran relevancia pues permite \u201cpromover investigaciones basadas en evidencia, que ofrezcan nuevas miradas, an\u00e1lisis cr\u00edticos y propuestas concretas para fortalecer las pol\u00edticas p\u00fablicas, programas e intervenciones dirigidas a adolescentes en conflicto con la ley\u201d.<\/p>\n\n\n\n<p>El plazo para enviar la documentaci\u00f3n ser\u00e1 hasta el martes 30 de septiembre a las 23.59 hrs., y dentro de los temas de inter\u00e9s que pueden abarcar las tesis, se encuentran: Modelo de Intervenci\u00f3n Especializado; Intervenci\u00f3n con familias y redes de apoyo; Mediaci\u00f3n Penal Juvenil, Acompa\u00f1amiento Postegreso, entre otros.<\/p>\n\n\n\n<p>Los ganadores del concurso podr\u00e1n publicar su tesis en la revista \u201cSe\u00f1ales para la Reinserci\u00f3n Social Juvenil\u201d, adem\u00e1s de tener difusi\u00f3n en los soportes digitales y el derecho a exponer la investigaci\u00f3n en un seminario organizado por el Servicio.<\/p>\n\n\n\n<p>Quienes quieran participar del concurso \u201cTesis con prop\u00f3sito: J\u00f3venes, Justicia y Reinserci\u00f3n\u201d, podr\u00e1n encontrar toda la informaci\u00f3n, calendario del proceso y bases del concurso en el siguiente link: <a href=\"https:\/\/www.reinsercionjuvenil.gob.cl\/tesis-2025\/\">reinsercionjuvenil.gob.cl\/tesis-2025<\/a><\/p>\n","protected":false},"excerpt":{"rendered":"<p>El Servicio Nacional de Reinserci\u00f3n Social Juvenil lanz\u00f3 p\u00fablicamente la convocatoria a participar del concurso \u201cTesis con Prop\u00f3sito: J\u00f3venes, Justicia y Reinserci\u00f3n\u201d, una iniciativa que surge del compromiso del Servicio&#8230; <a class=\"read-more\" href=\"https:\/\/www.radiopresidenteibanez.cl\/web\/tesis-con-proposito-comienza-concurso-para-difundir-investigaciones-sobre-reinsercion-social-juvenil\/\">Leer m\u00e1s<\/a><\/p>\n","protected":false},"author":2,"featured_media":58182,"comment_status":"closed","ping_status":"closed","sticky":false,"template":"","format":"standard","meta":{"footnotes":""},"categories":[1],"tags":[],"class_list":["post-58181","post","type-post","status-publish","format-standard","has-post-thumbnail","hentry","category-cronica"],"_links":{"self":[{"href":"https:\/\/www.radiopresidenteibanez.cl\/web\/wp-json\/wp\/v2\/posts\/58181","targetHints":{"allow":["GET"]}}],"collection":[{"href":"https:\/\/www.radiopresidenteibanez.cl\/web\/wp-json\/wp\/v2\/posts"}],"about":[{"href":"https:\/\/www.radiopresidenteibanez.cl\/web\/wp-json\/wp\/v2\/types\/post"}],"author":[{"embeddable":true,"href":"https:\/\/www.radiopresidenteibanez.cl\/web\/wp-json\/wp\/v2\/users\/2"}],"replies":[{"embeddable":true,"href":"https:\/\/www.radiopresidenteibanez.cl\/web\/wp-json\/wp\/v2\/comments?post=58181"}],"version-history":[{"count":0,"href":"https:\/\/www.radiopresidenteibanez.cl\/web\/wp-json\/wp\/v2\/posts\/58181\/revisions"}],"wp:featuredmedia":[{"embeddable":true,"href":"https:\/\/www.radiopresidenteibanez.cl\/web\/wp-json\/wp\/v2\/media\/58182"}],"wp:attachment":[{"href":"https:\/\/www.radiopresidenteibanez.cl\/web\/wp-json\/wp\/v2\/media?parent=58181"}],"wp:term":[{"taxonomy":"category","embeddable":true,"href":"https:\/\/www.radiopresidenteibanez.cl\/web\/wp-json\/wp\/v2\/categories?post=58181"},{"taxonomy":"post_tag","embeddable":true,"href":"https:\/\/www.radiopresidenteibanez.cl\/web\/wp-json\/wp\/v2\/tags?post=58181"}],"curies":[{"name":"wp","href":"https:\/\/api.w.org\/{rel}","templated":true}]}}