{"id":58178,"date":"2025-08-11T10:53:00","date_gmt":"2025-08-11T13:53:00","guid":{"rendered":"https:\/\/www.radiopresidenteibanez.cl\/web\/?p=58178"},"modified":"2025-08-11T10:10:39","modified_gmt":"2025-08-11T13:10:39","slug":"trabajo-e-isl-se-coordinan-con-hospital-de-natales-para-mejorar-atencion-a-personas-con-accidentes-laborales","status":"publish","type":"post","link":"https:\/\/www.radiopresidenteibanez.cl\/web\/trabajo-e-isl-se-coordinan-con-hospital-de-natales-para-mejorar-atencion-a-personas-con-accidentes-laborales\/","title":{"rendered":"Trabajo e ISL se coordinan con Hospital de Natales para mejorar atenci\u00f3n a personas con accidentes laborales"},"content":{"rendered":"\n<p>Durante esta semana, la seremi del Trabajo y Previsi\u00f3n Social<br>de Magallanes, Jessica Bengoa Maryorga, junto a parte del equipo del Instituto de Seguridad<br>Laboral (ISL), se trasladaron hasta Puerto Natales, capital de la provincia de \u00daltima Esperanza, para<br>sostener diversos encuentros tendientes a revisar y optimizar la atenci\u00f3n a trabajadores que<br>ingresan al sistema de salud, ya sea por alg\u00fan accidente laboral o enfermedad profesional.<br>En el marco de esas gestiones, la directora regional del ISL Magallanes, Marilyn C\u00e1rdenas<br>Gonz\u00e1lez, organiz\u00f3 una reuni\u00f3n con el director del Hospital Dr. Augusto Essman Burgos de Puerto<br>Natales, Ignacio Quiroz Sep\u00falveda, con quien se llev\u00f3 a cabo la principal instancia de coordinaci\u00f3n<br>para mejorar los aspectos m\u00e1s relevantes de la atenci\u00f3n a trabajadores y trabajadoras de la zona.<br>As\u00ed, el objetivo principal de estos acuerdos es optimizar el proceso de atenci\u00f3n, recepci\u00f3n y<br>registro de las atenciones a causa o con ocasi\u00f3n de alg\u00fan accidente de tipo laboral, o bien, de<br>alguna enfermedad profesional. Concretamente, una de las primeras acciones que se llevar\u00e1n a<br>cabo ser\u00e1 establecer una campa\u00f1a de difusi\u00f3n y educaci\u00f3n a la comunidad natalina respecto de<br>qu\u00e9 es un accidente laboral o enfermedad profesional y c\u00f3mo informarla debidamente a la hora<br>de acudir a al centro asistencial.<br>Seg\u00fan expres\u00f3 la seremi, \u201cefectivamente, nos trasladamos hasta la comuna de Puerto Natales y,<br>en el marco de este nuevo despliegue, hemos finalizado una actividad efectuada con la direcci\u00f3n<br>del Hospital de Puerto Natales, junto al equipo del Instituto de Seguridad Laboral y de la seremi,<br>en donde hemos estado coordinando una serie de acciones futuras respecto a la prevenci\u00f3n en<br>materia no solamente de seguridad laboral, sino tambi\u00e9n de seguridad escolar. Frente a esto<br>estamos bastante contentos ya que logramos establecer coordinaciones para desarrollar<br>capacitaciones a los distintos departamentos e instituciones involucradas en esta materia\u201d.<br>\u201cCreemos que hemos logrado importantes avances en esta materia, especialmente, en lo que<br>tiene que ver con la revisi\u00f3n de los protocolos existentes y del cumplimiento de estos, as\u00ed como de<br>la entrega de la debida informaci\u00f3n a las personas que llegan hasta el hospital por alguna atenci\u00f3n<br>de salud de tipo laboral\u201d, a\u00f1adi\u00f3 Bengoa.<br>Sobre aquello, la directora del ISL se\u00f1al\u00f3 que: \u201cPara nosotros, como Instituto de Seguridad Laboral<br>Magallanes, la reuni\u00f3n con el director del Hospital de Puerto Natales y su equipo ha sido de gran<br>importancia. Es fundamental hoy d\u00eda poder coordinar de manera efectiva con todos nuestros<\/p>\n\n\n\n<p>prestadores m\u00e9dicos en la regi\u00f3n, especialmente con aquellos en provincias m\u00e1s alejadas de Punta<br>Arenas. Sabemos que esta colaboraci\u00f3n es clave para garantizar una atenci\u00f3n de calidad y cercana<br>a todas las comunidades de nuestra regi\u00f3n\u201d.<br>A su vez, el director del Hospital de Natales, Ignacio Quiroz Sep\u00falveda, destac\u00f3 la importancia del<br>trabajo coordinado con el ISL para trabajar de manera conjunta para garantizar que los<br>procedimientos administrativos y las prestaciones de salud se otorguen de forma oportuna y<br>eficiente en casos de accidentes y enfermedades laborales. \u00abComo recinto de salud agradecemos<br>la disposici\u00f3n de la seremi del trabajo y la directora del ISL de liderar instancias fundamentales<br>para fortalecer la coordinaci\u00f3n interinstitucional y optimizar los procesos\u00bb, agreg\u00f3 el directivo.<br>Otro aspecto relevante es el conocimiento de la comunidad en torno a la correcta utilizaci\u00f3n y<br>beneficios del \u201cSeguro Escolar\u201d, prestaci\u00f3n econ\u00f3mica que entrega el ISL a todo aquel estudiante<br>regular de establecimientos reconocidos por el Estado que sufre un accidente durante sus estudios<br>o pr\u00e1ctica profesional y que otorga una cobertura de salud gratuita y total en caso de estos<br>eventos.<br>Para reforzar el conocimiento de las personas en torno a todas estas prestaciones, el ISL har\u00e1 el<br>levantamiento de una campa\u00f1a de difusi\u00f3n a nivel regional que dar\u00e1 inicio en los pr\u00f3ximos d\u00edas.<\/p>\n","protected":false},"excerpt":{"rendered":"<p>Durante esta semana, la seremi del Trabajo y Previsi\u00f3n Socialde Magallanes, Jessica Bengoa Maryorga, junto a parte del equipo del Instituto de SeguridadLaboral (ISL), se trasladaron hasta Puerto Natales, capital&#8230; <a class=\"read-more\" href=\"https:\/\/www.radiopresidenteibanez.cl\/web\/trabajo-e-isl-se-coordinan-con-hospital-de-natales-para-mejorar-atencion-a-personas-con-accidentes-laborales\/\">Leer m\u00e1s<\/a><\/p>\n","protected":false},"author":2,"featured_media":58179,"comment_status":"closed","ping_status":"closed","sticky":false,"template":"","format":"standard","meta":{"footnotes":""},"categories":[1],"tags":[],"class_list":["post-58178","post","type-post","status-publish","format-standard","has-post-thumbnail","hentry","category-cronica"],"_links":{"self":[{"href":"https:\/\/www.radiopresidenteibanez.cl\/web\/wp-json\/wp\/v2\/posts\/58178","targetHints":{"allow":["GET"]}}],"collection":[{"href":"https:\/\/www.radiopresidenteibanez.cl\/web\/wp-json\/wp\/v2\/posts"}],"about":[{"href":"https:\/\/www.radiopresidenteibanez.cl\/web\/wp-json\/wp\/v2\/types\/post"}],"author":[{"embeddable":true,"href":"https:\/\/www.radiopresidenteibanez.cl\/web\/wp-json\/wp\/v2\/users\/2"}],"replies":[{"embeddable":true,"href":"https:\/\/www.radiopresidenteibanez.cl\/web\/wp-json\/wp\/v2\/comments?post=58178"}],"version-history":[{"count":0,"href":"https:\/\/www.radiopresidenteibanez.cl\/web\/wp-json\/wp\/v2\/posts\/58178\/revisions"}],"wp:featuredmedia":[{"embeddable":true,"href":"https:\/\/www.radiopresidenteibanez.cl\/web\/wp-json\/wp\/v2\/media\/58179"}],"wp:attachment":[{"href":"https:\/\/www.radiopresidenteibanez.cl\/web\/wp-json\/wp\/v2\/media?parent=58178"}],"wp:term":[{"taxonomy":"category","embeddable":true,"href":"https:\/\/www.radiopresidenteibanez.cl\/web\/wp-json\/wp\/v2\/categories?post=58178"},{"taxonomy":"post_tag","embeddable":true,"href":"https:\/\/www.radiopresidenteibanez.cl\/web\/wp-json\/wp\/v2\/tags?post=58178"}],"curies":[{"name":"wp","href":"https:\/\/api.w.org\/{rel}","templated":true}]}}