{"id":58175,"date":"2025-08-11T09:36:00","date_gmt":"2025-08-11T12:36:00","guid":{"rendered":"https:\/\/www.radiopresidenteibanez.cl\/web\/?p=58175"},"modified":"2025-08-11T08:52:54","modified_gmt":"2025-08-11T11:52:54","slug":"gaspar-luna-representara-a-magallanesen-el-festival-rockodromo-de-valparaiso-2025","status":"publish","type":"post","link":"https:\/\/www.radiopresidenteibanez.cl\/web\/gaspar-luna-representara-a-magallanesen-el-festival-rockodromo-de-valparaiso-2025\/","title":{"rendered":"Gaspar Luna representar\u00e1 a Magallanesen el festival Rock\u00f3dromo de Valpara\u00edso 2025"},"content":{"rendered":"\n<p>Apenas salt\u00f3 al escenario, sorprendi\u00f3 y se transform\u00f3 en el favorito del p\u00fablico.<br>Gaspar Luna, con una propuesta innovadora y exponente del neo rock, se<br>convirti\u00f3 en el representante de la regi\u00f3n de Magallanes para asistir al festival<br>nacional Rock\u00f3dromo 2025, que se realizar\u00e1 en noviembre pr\u00f3ximo en la ciudad<br>de Valpara\u00edso.<br>El emergente cantautor, junto a su banda La Vandini, fue seleccionado para<br>asistir al certamen porte\u00f1o, tras imponerse el reciente s\u00e1bado en la selecci\u00f3n<br>efectuada en el Ruido Austral de Magallanes, que se desarroll\u00f3 en el teatro<br>Municipal Jos\u00e9 Bohr, con su capacidad al m\u00e1ximo.<br>\u201cEs la felicidad m\u00e1s grande que me pudo haber pasado. Lo vi, lo visualic\u00e9, lo vi<br>tanto en mi cabeza, la manifestaci\u00f3n, lo vi tanto en mi cabeza, que se hizo real.<br>El trabajo, el ver esos mundos paralelos, que son tan reales como el nuestro; hay<br>que hacerlos nuestros, con trabajo, con dedicaci\u00f3n. Lo vi y ocurri\u00f3\u201d, dijo<br>emocionado Luna, quien se autodefine como creativo de toda la vida y que desde<br>los 8 a\u00f1os de edad interpreta piano cl\u00e1sico. El cantante tambi\u00e9n tuvo palabras de<br>agradecimiento para los organizadores del evento y el espacio que brinda Ruido<br>Austral a la escena musical local.<br>En su notable actuaci\u00f3n, que concentr\u00f3 las miradas y atenci\u00f3n del p\u00fablico, Luna<br>fue acompa\u00f1ado por Ignacio P\u00e9rez, en el bajo; Francisco Javier Navarro,<br>guitarra; Sergio P\u00e9rez, teclado; Fernando Esp\u00edndola, teclado, y Alejandro<br>Buvinic, bater\u00eda.<br>\u00abFue un evento de primer nivel. Fue una decisi\u00f3n dif\u00edcil para el jurado la elecci\u00f3n<br>del representante de Magallanes para el Rock\u00f3dromo. Pero tambi\u00e9n estamos<br>felices porque hubo una gran puesta en escena de los m\u00fasicos locales y el p\u00fablico<\/p>\n\n\n\n<p>lo valor\u00f3 y reconoci\u00f3 \u00ab, sostuvo el Seremi de las Culturas, las Artes y el<br>Patrimonio, Luis Navarro, quien asisti\u00f3 al evento junto al Delegado Presidencial<br>Regional, Jos\u00e9 Ru\u00edz.<br>Ruido Austral, que reuni\u00f3 ritmos como rock, pop, reggae y folk patag\u00f3nico, cont\u00f3<br>con la participaci\u00f3n de las bandas y solistas Mariabella, Argentino Banda, Keira,<br>Crisol, Gaspar Luna y Raizes Livres.<br>A este selecto grupo se uni\u00f3 en el escenario, la agrupaci\u00f3n nacional de rock<br>alternativo y formada en 1991, Lucybell, cuyo show cerr\u00f3 el certamen,<br>organizado por la Seremi de las Culturas, a trav\u00e9s del programa Escuelas de Rock<br>y M\u00fasica Popular.<\/p>\n","protected":false},"excerpt":{"rendered":"<p>Apenas salt\u00f3 al escenario, sorprendi\u00f3 y se transform\u00f3 en el favorito del p\u00fablico.Gaspar Luna, con una propuesta innovadora y exponente del neo rock, seconvirti\u00f3 en el representante de la regi\u00f3n&#8230; <a class=\"read-more\" href=\"https:\/\/www.radiopresidenteibanez.cl\/web\/gaspar-luna-representara-a-magallanesen-el-festival-rockodromo-de-valparaiso-2025\/\">Leer m\u00e1s<\/a><\/p>\n","protected":false},"author":2,"featured_media":58176,"comment_status":"closed","ping_status":"closed","sticky":false,"template":"","format":"standard","meta":{"footnotes":""},"categories":[1],"tags":[],"class_list":["post-58175","post","type-post","status-publish","format-standard","has-post-thumbnail","hentry","category-cronica"],"_links":{"self":[{"href":"https:\/\/www.radiopresidenteibanez.cl\/web\/wp-json\/wp\/v2\/posts\/58175","targetHints":{"allow":["GET"]}}],"collection":[{"href":"https:\/\/www.radiopresidenteibanez.cl\/web\/wp-json\/wp\/v2\/posts"}],"about":[{"href":"https:\/\/www.radiopresidenteibanez.cl\/web\/wp-json\/wp\/v2\/types\/post"}],"author":[{"embeddable":true,"href":"https:\/\/www.radiopresidenteibanez.cl\/web\/wp-json\/wp\/v2\/users\/2"}],"replies":[{"embeddable":true,"href":"https:\/\/www.radiopresidenteibanez.cl\/web\/wp-json\/wp\/v2\/comments?post=58175"}],"version-history":[{"count":0,"href":"https:\/\/www.radiopresidenteibanez.cl\/web\/wp-json\/wp\/v2\/posts\/58175\/revisions"}],"wp:featuredmedia":[{"embeddable":true,"href":"https:\/\/www.radiopresidenteibanez.cl\/web\/wp-json\/wp\/v2\/media\/58176"}],"wp:attachment":[{"href":"https:\/\/www.radiopresidenteibanez.cl\/web\/wp-json\/wp\/v2\/media?parent=58175"}],"wp:term":[{"taxonomy":"category","embeddable":true,"href":"https:\/\/www.radiopresidenteibanez.cl\/web\/wp-json\/wp\/v2\/categories?post=58175"},{"taxonomy":"post_tag","embeddable":true,"href":"https:\/\/www.radiopresidenteibanez.cl\/web\/wp-json\/wp\/v2\/tags?post=58175"}],"curies":[{"name":"wp","href":"https:\/\/api.w.org\/{rel}","templated":true}]}}