{"id":58172,"date":"2025-08-11T08:57:00","date_gmt":"2025-08-11T11:57:00","guid":{"rendered":"https:\/\/www.radiopresidenteibanez.cl\/web\/?p=58172"},"modified":"2025-08-11T08:41:17","modified_gmt":"2025-08-11T11:41:17","slug":"boletin-informativo-orbe-54","status":"publish","type":"post","link":"https:\/\/www.radiopresidenteibanez.cl\/web\/boletin-informativo-orbe-54\/","title":{"rendered":"BOLETIN INFORMATIVO ORBE"},"content":{"rendered":"\n<p>SANTIAGO.- La \u00faltima edici\u00f3n de la encuesta Cadem, publicada<br>este domingo, se\u00f1al\u00f3 que la carrera presidencial est\u00e1<br>liderada por el republicano Jos\u00e9 Antonio Kast con un 28 por<br>ciento, seguido por la oficialista Jeannette Jara con un 26<br>por ciento y Evelyn Matthei con un 16 por ciento. Despu\u00e9s se<br>ubican Franco Parisi con un 12 por ciento, Johannes Kaiser<br>con un 5 por ciento, Marco Enr\u00edquez-Ominami con un 2 por<br>ciento y Harold Mayne-Nicholls con un uno por ciento.<\/p>\n\n\n\n<p>SANTIAGO.- Respecto al inter\u00e9s por las elecciones de<br>noviembre, la encueta Cadem se\u00f1ala que un 64 por ciento dice<br>estar muy interesado en el proceso y un 89 por ciento declara<br>tener decidido su intenci\u00f3n de ir a votar. Por \u00faltimo, en la<br>segunda semana de agosto, un 35 por ciento de los consultados<br>aprueba la gesti\u00f3n del Presidente Gabriel Boric y un 62 por<br>ciento lo desaprueba.<\/p>\n\n\n\n<p>SANTIAGO.- La ministra vocera de Gobierno, Camila Vallejo,<br>reafirm\u00f3 sus dichos sobre el rol del Ejecutivo en los \u00faltimos<br>operativos de Seguridad realizados en el barrio Meiggs, luego<br>de que el alcalde de Santiago, Mario Desbordes, la acusara de<br>\u00abmentir\u00bb al respecto. En esa l\u00ednea, Vallejo llam\u00f3 a la<br>\u00abtranquilidad\u00bb al jefe comunal y remarc\u00f3 que \u00abaqu\u00ed ha habido<br>un trabajo del Estado, donde el Gobierno ha tomado una<br>decisi\u00f3n pol\u00edtica desde el d\u00eda uno\u00bb.<\/p>\n\n\n\n<p>SANTIAGO.- El senador Juan Antonio Coloma, coordinador<br>pol\u00edtico de la campa\u00f1a de Evelyn Matthei, desdramatiz\u00f3 los<br>descuelgues que ha habido por parte de militantes de partidos<br>de Chile Vamos a la campa\u00f1a de la exministra. Coloma<br>reconoci\u00f3 que es \u00abmejor que no pasen\u00bb e incluso lament\u00f3 que<br>\u00abhaya personas que por razones propias se salgan un poquito<br>de la l\u00f3gica institucional\u00bb, pero indic\u00f3 que ha visto \u00abgran<br>voluntad\u00bb en el inicio de la campa\u00f1a.<\/p>\n\n\n\n<p>SANTIAGO.- Al ser consultado sobre por qu\u00e9 Matthei ha tenido<br>dificultades para se\u00f1alar que va a acompa\u00f1ar al aspirante de<br>oposici\u00f3n que pase a segunda vuelta, Coloma dijo que \u00abson<br>reacciones respecto a las tensiones de campa\u00f1a\u00bb. \u00abYo por lo<br>menos tengo claro que aqu\u00ed nuestro rival a fondo es el<br>proyecto de continuismo de este gobierno\u00bb, a\u00f1adi\u00f3, y sostuvo<br>que si Matthei no pasa a segunda vuelta \u00abobviamente vamos a<br>apoyar a la candidatura que sea contraria al Gobierno\u00bb.<\/p>\n\n\n\n<p>SANTIAGO.- El candidato presidencial del Partido Libertario,<br>Johannes Kaiser, se refiri\u00f3 a los rostros que podr\u00edan<br>integrar su gobierno,de llegar a La Moneda y dijo intentar\u00eda<br>traer de Argentina al chileno Jos\u00e9 Luis Daza, quien se<br>desempe\u00f1a como viceministro de Econom\u00eda en Argentina. Sobre<br>si integrar\u00eda a Evelyn Matthei como ministra a su eventual<br>gobierno, Kaiser asegur\u00f3 que si hubiese uno \u00abque requiriese<br>de sus habilidades, por supuesto\u00bb.<\/p>\n\n\n\n<p>SANTIAGO.- La Democracia Cristiana catalog\u00f3 como una<br>\u00abintervenci\u00f3n indecorosa\u00bb la suspensi\u00f3n temporal anunciada<br>por la Organizaci\u00f3n Dem\u00f3crata Cristiana de Am\u00e9rica, a ra\u00edz de<br>su apoyo a la candidata del oficialismo Jeannette Jara. El<br>diputado H\u00e9ctor Barr\u00eda, jefe de bancada de la Falange,<br>rechaz\u00f3 la sanci\u00f3n y afirm\u00f3 que \u00abno corresponde a una<br>organizaci\u00f3n que, si bien podemos coincidir en diversas<br>ideas, tome decisiones contra la pol\u00edtica nacional\u00bb.<\/p>\n\n\n\n<p>SANTIAGO.- El PPD llev\u00f3 a cabo su Consejo Nacional de cara a<br>las elecciones parlamentarias del 16 de noviembre, en el que<br>ratific\u00f3 su respaldo a la candidata Jeannette Jara y la<br>decisi\u00f3n de competir en una lista \u00fanica con el oficialismo.<br>El diputado H\u00e9ctor Ulloa, jefe de bancada PPD-Independientes,<br>se mostr\u00f3 optimista frente a los plazos y destac\u00f3 que \u00aba\u00fan<br>queda tiempo\u00bb, concretamente hasta este 18 de agosto, para<br>llegar a un acuerdo parlamentario \u00fanico.<\/p>\n","protected":false},"excerpt":{"rendered":"<p>SANTIAGO.- La \u00faltima edici\u00f3n de la encuesta Cadem, publicadaeste domingo, se\u00f1al\u00f3 que la carrera presidencial est\u00e1liderada por el republicano Jos\u00e9 Antonio Kast con un 28 porciento, seguido por la oficialista&#8230; <a class=\"read-more\" href=\"https:\/\/www.radiopresidenteibanez.cl\/web\/boletin-informativo-orbe-54\/\">Leer m\u00e1s<\/a><\/p>\n","protected":false},"author":2,"featured_media":58173,"comment_status":"closed","ping_status":"closed","sticky":false,"template":"","format":"standard","meta":{"footnotes":""},"categories":[1],"tags":[],"class_list":["post-58172","post","type-post","status-publish","format-standard","has-post-thumbnail","hentry","category-cronica"],"_links":{"self":[{"href":"https:\/\/www.radiopresidenteibanez.cl\/web\/wp-json\/wp\/v2\/posts\/58172","targetHints":{"allow":["GET"]}}],"collection":[{"href":"https:\/\/www.radiopresidenteibanez.cl\/web\/wp-json\/wp\/v2\/posts"}],"about":[{"href":"https:\/\/www.radiopresidenteibanez.cl\/web\/wp-json\/wp\/v2\/types\/post"}],"author":[{"embeddable":true,"href":"https:\/\/www.radiopresidenteibanez.cl\/web\/wp-json\/wp\/v2\/users\/2"}],"replies":[{"embeddable":true,"href":"https:\/\/www.radiopresidenteibanez.cl\/web\/wp-json\/wp\/v2\/comments?post=58172"}],"version-history":[{"count":0,"href":"https:\/\/www.radiopresidenteibanez.cl\/web\/wp-json\/wp\/v2\/posts\/58172\/revisions"}],"wp:featuredmedia":[{"embeddable":true,"href":"https:\/\/www.radiopresidenteibanez.cl\/web\/wp-json\/wp\/v2\/media\/58173"}],"wp:attachment":[{"href":"https:\/\/www.radiopresidenteibanez.cl\/web\/wp-json\/wp\/v2\/media?parent=58172"}],"wp:term":[{"taxonomy":"category","embeddable":true,"href":"https:\/\/www.radiopresidenteibanez.cl\/web\/wp-json\/wp\/v2\/categories?post=58172"},{"taxonomy":"post_tag","embeddable":true,"href":"https:\/\/www.radiopresidenteibanez.cl\/web\/wp-json\/wp\/v2\/tags?post=58172"}],"curies":[{"name":"wp","href":"https:\/\/api.w.org\/{rel}","templated":true}]}}