{"id":58168,"date":"2025-08-11T08:20:21","date_gmt":"2025-08-11T11:20:21","guid":{"rendered":"https:\/\/www.radiopresidenteibanez.cl\/web\/?p=58168"},"modified":"2025-08-11T08:21:02","modified_gmt":"2025-08-11T11:21:02","slug":"que-cuenten-la-firme-del-programa","status":"publish","type":"post","link":"https:\/\/www.radiopresidenteibanez.cl\/web\/que-cuenten-la-firme-del-programa\/","title":{"rendered":"QUE CUENTEN LA FIRME DEL PROGRAMA"},"content":{"rendered":"\n<p>Las pasadas semanas se han realizado una serie de debates entre las candidaturas presidenciales.<br>Distintos sectores empresariales han estado interesados, y con raz\u00f3n, en conocer las posturas de las principales cartas a La Moneda. Los invitados m\u00e1s frecuentes han sido, la candidata del progresismo Jeanette Jara, y las opciones m\u00e1s visibles del mundo conservador, la ex alcaldesa Evelyn Mathei y el ex candidato presidencial Jos\u00e9 Antonio Kast. En estos encuentros nunca se explicita por que no se invita a las otras alternativas del mundo conservador. Lejos del inter\u00e9s masivo, los enfrentamientos verbales han abundado en lugares comunes, frases hechas, esl\u00f3ganes y una aparente falta de filtros a la hora de hacer afirmaciones grandilocuentes. La delincuencia y la inseguridad, se usan como armas arrojadizas en contra de la candidata oficialista. Mal que mal,<br>hasta hace unos meses integraba el gabinete de Boric. Tambi\u00e9n se la ha sacado al pizarr\u00f3n por las magras cifras de creaci\u00f3n de empleo. La generaci\u00f3n de empleos ha ido m\u00e1s lenta que el aumento de la fuerza de trabajo.<br>Aumenta el n\u00famero de personas que buscan empleo, y no aumenta al mismo ritmo la creaci\u00f3n de empleos. Los datos est\u00e1n a la vista, y es un tema del que hay que hacerse cargo. Desafortunadamente en los debates no se profundiza en ninguna materia. Las candidaturas s\u00f3lo enuncian los titulares de las medidas que eventualmente adoptar\u00edan si llegan al poder. As\u00ed desde la vereda conservadora se lanzan cifras de rebaja de impuestos a las empresas, tal como si se tratara de un remate. No se especifica c\u00f3mo podr\u00eda compensarse la rebaja de ingresos fiscales. Un tema peliagudo y altamente t\u00e9cnico, que despachan con la f\u00f3rmula obvia del aumento del<br>crecimiento econ\u00f3mico. Sin mayor tiempo para analizar la materia, y no siendo especialista ninguna de las candidaturas se pasa r\u00e1pidamente a otros temas, sin agotar, ni esclarecer a la ciudadan\u00eda como se producir\u00eda el r\u00e1pido crecimiento que permita compensar las rebajas de impuestos, sin reducir los beneficios sociales. A ratos los debates revelan un enfrentamiento entre quienes no se est\u00e1n viendo, c\u00f3mo si pudiera prescindirse en democracia del que piensa distinto. Como si llegar a La Moneda diera un pase libre para hacer cualquier cosa.<br>Los hechos de la historia recientes demuestran que gobernar un pa\u00eds no es cosa de voluntarismos. Sin buenos equipos t\u00e9cnicos, ni programas de gobierno razonables y realistas, la debacle es segura. Por esta raz\u00f3n se ha despertado gran inquietud en las filas progresistas por la aparente falta de programa de gobierno. Se estar\u00eda construyendo en paralelo a la negociaci\u00f3n parlamentaria, se apuran a explicar los jerarcas de los diez partidos que respaldan a la ex ministra Jara. Parece que los tiempos de los pol\u00edticos no van al ritmo de los tiempos de la gente. Los vac\u00edos y titubeos en materias fundamentales, las aparentes contradicciones que ha mostrado la candidata Jara, deben ser atendidos de manera urgente, si de verdad se espera que sea competitiva<br>en segunda vuelta. El mejor ejemplo ha sido las constantes preguntas sobre el programa de siete p\u00e1ginas que ofreci\u00f3 el PC en la elecci\u00f3n primaria. C\u00f3mo no se conoce otros lineamientos program\u00e1ticos, se consulta por aquel. Y convengamos que no fue un documento de rigor acad\u00e9mico, ni pol\u00edtico, lleno de generalidades y vaguedades, entre las que se desliz\u00f3 propuestas como la de nacionalizar el Cobre y el Litio. O reformular la estrategia de desarrollo econ\u00f3mico, centr\u00e1ndonos en la demanda interna. Como es natural se han dado todas las explicaciones del caso, que s\u00f3lo fue algo preliminar, que era para otro momento, e incluso la propia<br>candidata manifestando que ser\u00eda un error, y la persona a cargo, ya no formar\u00eda parte del comando. Si hemos de creer a la candidata progresista, debemos entender que, a la definici\u00f3n de primarias, se present\u00f3 un cuerpo de ideas program\u00e1ticas que no representaban a la candidata, y cuya elaboraci\u00f3n, se sab\u00eda era s\u00f3lo para cumplir con un requisito legal. Cualquiera haya sido la raz\u00f3n de formular tales propuestas, huelga decir, que no cuentan con respaldo en el mundo progresista. La estrategia de desarrollo que ha seguido el pa\u00eds en los \u00faltimos 40 a\u00f1os se<br>basa en la total apertura al comercio exterior, y al desarrollo de nuestro sector exportador. Por ende, la noci\u00f3n de Chile volcado sobre s\u00ed mismo, a lo Donald Trump, es inviable pol\u00edticamente e insostenible econ\u00f3mica y socialmente. Punto aparte sobre la nacionalizaci\u00f3n del Cobre y Litio. El Cobre fue nacionalizado en 1971 por el presidente Salvador Allende, en una medida que hab\u00eda iniciado Frei Montalva con la chilenizaci\u00f3n del Cobre en el per\u00edodo anterior. Nuestro ordenamiento constitucional establece el dominio absoluto e inalienable del estado de Chile sobre todas las riquezas del subsuelo. El estado es hoy due\u00f1o y no se requiere nacionalizaci\u00f3n alguna.<br>Otra cosa distinta es pretender eliminar las concesiones mineras, sobre las cuales tanto empresas privadas chilenas como extranjeras son titulares de un derecho legalmente otorgado. Desconocemos lo que habr\u00e1n querido decir realmente, lo que es una verdad evidente, es que no existe ninguna posibilidad de avanzar con una idea como esa. B\u00e1sicamente ser\u00eda destruir la principal fuente de ingresos del estado de Chile, y la mayor fuente de empleos de calidad del pa\u00eds. En resumen, una idea con la cual al menos nueve de los diez partidos del progresismo est\u00e1n en contra.<br>Estas aparentes contradicciones y discrepancias, tienen un solo remedio. La urgente construcci\u00f3n de propuestas program\u00e1ticas, serias, elaboradas por t\u00e9cnicos y especialistas con probada experiencia de gesti\u00f3n y de gobierno. Esto que es una perogrullada, aplica tanto al progresismo como al sector conservador. Al pa\u00eds no se le gobierna con el aplauso de la barra brava. La responsabilidad de gobernar comienza incluso antes de ser electo, al momento de presentarse al pa\u00eds, con lo que se propone hacer para resolver los m\u00faltiples problemas no resueltos en este per\u00edodo.<br>Si amiguitos, porque existen innumerables \u00e1reas en las que se avanz\u00f3 muy poco, o derechamente no se avanz\u00f3, de ah\u00ed que las cifras de adhesi\u00f3n y rechazo del gobierno, que son una espada de Damocles para todas las administraciones, son demoledoras, 3 de cada 10 personas apoyan al gobierno, y 7 lo rechazan. Son cifras modestas considerando las aspiraciones que el ejecutivo ten\u00eda. Las grandes transformaciones sociales y pol\u00edticas, tendr\u00e1n que esperar, y lo m\u00e1s probable es que el futuro gobierno, se encuentre en un escenario de gran estrechez, con poco margen para grandes realizaciones. Por eso que es tan importante contar con equipos profesionales, la improvisaci\u00f3n es enemiga de la eficiencia, y est\u00e1 probado que un per\u00edodo de cuatro a\u00f1os de<br>gobierno, se escurre entre los dedos, si no se tiene un norte claro. S\u00famenle a eso, la contienda parlamentaria, hoy el parlamento es presa de los errores de dise\u00f1o del parlamento pasado. La dispersi\u00f3n brutal en m\u00e1s de 25 partidos, corre riesgo de repetirse. El riesgo es mayor a\u00fan para el sector conservador, al cual todas las encuestas les dan la pole position. La incapacidad de generar una lista \u00fanica, frente a la lista \u00fanica que construye el progresismo, le otorga una ventaja inaudita al sector oficialista. Quiz\u00e1s esta parte sea la menos sexi de la pol\u00edtica, es donde entran los expertos electorales, y negocian los cupos para los respectivos partidos. Como la memoria es fr\u00e1gil, es recomendable echar una mirada a las posturas en que estaban en la elecci\u00f3n pasada los<br>actuales protagonistas. Hoy vemos a los sectores que \u00e1cida y descarnadamente destruyeron a la concertaci\u00f3n, negociar una lista conjunta, con lo que va quedando de esos mismos sectores. Lo que ayer daba poco menos que asco, hoy es santo y bueno. El pragmatismo ha sido sabio consejero, y la arrogancia inicial ha dado paso al realismo, y a la negociaci\u00f3n de cupos entre cuatro paredes. Yo digo, enhorabuena, y ojal\u00e1 se aprenda la lecci\u00f3n, porque los maximalismos nos han tra\u00eddo hasta este momento de la historia.<br>Lo que viene por delante no ser\u00e1 f\u00e1cil para Chile. Debemos encontrar la f\u00f3rmula para proteger la<br>democracia, la libertad no es transable, tampoco lo son las bases de nuestro desarrollo social y econ\u00f3mico. Es por eso que como ciudadanos debemos exigir a quienes competir\u00e1n por La Moneda, un compromiso claro con la democracia, con la libertad y el pluralismo. Ese es el m\u00ednimo que las candidaturas debieran ofrecer al pa\u00eds.<br>Responsabilidad y seriedad en las propuestas tambi\u00e9n es deseable, pero en las actuales circunstancias se ve m\u00e1s dif\u00edcil. Eso es lo que en definitiva deberemos discernir para tomar la mejor decisi\u00f3n.<br>Ernesto Sep\u00falveda Tornero<\/p>\n\n\n\n<p><\/p>\n","protected":false},"excerpt":{"rendered":"<p>Las pasadas semanas se han realizado una serie de debates entre las candidaturas presidenciales.Distintos sectores empresariales han estado interesados, y con raz\u00f3n, en conocer las posturas de las principales cartas&#8230; <a class=\"read-more\" href=\"https:\/\/www.radiopresidenteibanez.cl\/web\/que-cuenten-la-firme-del-programa\/\">Leer m\u00e1s<\/a><\/p>\n","protected":false},"author":2,"featured_media":58169,"comment_status":"closed","ping_status":"closed","sticky":false,"template":"","format":"standard","meta":{"footnotes":""},"categories":[1],"tags":[],"class_list":["post-58168","post","type-post","status-publish","format-standard","has-post-thumbnail","hentry","category-cronica"],"_links":{"self":[{"href":"https:\/\/www.radiopresidenteibanez.cl\/web\/wp-json\/wp\/v2\/posts\/58168","targetHints":{"allow":["GET"]}}],"collection":[{"href":"https:\/\/www.radiopresidenteibanez.cl\/web\/wp-json\/wp\/v2\/posts"}],"about":[{"href":"https:\/\/www.radiopresidenteibanez.cl\/web\/wp-json\/wp\/v2\/types\/post"}],"author":[{"embeddable":true,"href":"https:\/\/www.radiopresidenteibanez.cl\/web\/wp-json\/wp\/v2\/users\/2"}],"replies":[{"embeddable":true,"href":"https:\/\/www.radiopresidenteibanez.cl\/web\/wp-json\/wp\/v2\/comments?post=58168"}],"version-history":[{"count":0,"href":"https:\/\/www.radiopresidenteibanez.cl\/web\/wp-json\/wp\/v2\/posts\/58168\/revisions"}],"wp:featuredmedia":[{"embeddable":true,"href":"https:\/\/www.radiopresidenteibanez.cl\/web\/wp-json\/wp\/v2\/media\/58169"}],"wp:attachment":[{"href":"https:\/\/www.radiopresidenteibanez.cl\/web\/wp-json\/wp\/v2\/media?parent=58168"}],"wp:term":[{"taxonomy":"category","embeddable":true,"href":"https:\/\/www.radiopresidenteibanez.cl\/web\/wp-json\/wp\/v2\/categories?post=58168"},{"taxonomy":"post_tag","embeddable":true,"href":"https:\/\/www.radiopresidenteibanez.cl\/web\/wp-json\/wp\/v2\/tags?post=58168"}],"curies":[{"name":"wp","href":"https:\/\/api.w.org\/{rel}","templated":true}]}}