{"id":5816,"date":"2019-07-19T21:44:47","date_gmt":"2019-07-19T21:44:47","guid":{"rendered":"http:\/\/www.radiopresidenteibanez.cl\/web\/?p=5816"},"modified":"2019-07-19T21:45:03","modified_gmt":"2019-07-19T21:45:03","slug":"con-funcion-de-cine-un-centenar-de-ninos-puso-fin-a-las-colonias-de-invierno-2019","status":"publish","type":"post","link":"https:\/\/www.radiopresidenteibanez.cl\/web\/con-funcion-de-cine-un-centenar-de-ninos-puso-fin-a-las-colonias-de-invierno-2019\/","title":{"rendered":"CON FUNCI\u00d3N DE CINE, UN CENTENAR DE NI\u00d1OS PUSO FIN A LAS COLONIAS DE INVIERNO 2019"},"content":{"rendered":"\n<p>Con una funci\u00f3n de cine exclusiva, donde los peque\u00f1os\npudieron ver la pel\u00edcula Toy Story 4, un centenar de ni\u00f1as y ni\u00f1os de Punta\nArenas puso fin a las Colonias de Invierno 2019, organizadas desde el Municipio\nlocal, con la colaboraci\u00f3n de distintas instituciones.<\/p>\n\n\n\n<p>Deportes, manualidades, cuenta cuentos y tarde de circo y\nconcursos, fueron s\u00f3lo algunas de las actividades realizadas durante las dos\nsemanas que se extendieron las Colonias, las cuales se llevaron a cabo en las\nescuelas Prat y Espa\u00f1a.<\/p>\n\n\n\n<p>\u201cFueron dos semanas donde los chicos pudieron vivir lindas\nexperiencias con monitores, pero tambi\u00e9n con instituciones que se la jugaron\npara poder participar, como la Fach, Junaeb que estuvo con la alimentaci\u00f3n,\nConaf, tambi\u00e9n y distintos grupos\u201d, afirm\u00f3 el alcalde de Punta Arenas, Claudio\nRadonich.<\/p>\n\n\n\n<p>Por su parte, la directora de Desarrollo Comunitario, Elena\nBlackwood, destac\u00f3 que la iniciativa busc\u00f3 ser una ayuda para los padres y\napoderados que tienen dificultades para el cuidado de sus hijos, durante las\nvacaciones de invierno. \u201cEl Municipio ha creado esta instancia, ya la hicimos\nel a\u00f1o pasado y la repetimos ahora, que es principalmente enfocado a eso, una\nayuda a los padres y cuidadores y los ni\u00f1os est\u00e1n bien atendidos, cuidados y\ncon actividades entretenidas y adem\u00e1s con procesos de aprendizaje\u201d, precis\u00f3. <\/p>\n\n\n\n<p>Los asistentes fueron los m\u00e1s felices con las distintas\nactividades realizadas. As\u00ed lo indic\u00f3 Adriana Garrido, de 13 a\u00f1os de edad,\nquien se\u00f1al\u00f3 que \u201cEs una linda experiencia, la comida es rica, las t\u00edas son\namorosas, es una linda experiencia para que vengan\u201d.<\/p>\n\n\n\n<p>Por su parte, Fernanda Mancilla, de 7 a\u00f1os de edad, indic\u00f3\nque \u201cme gust\u00f3 mucho, porque eran muy buenas, dibujamos, hicimos muchas\nactividades\u201d.&nbsp; <\/p>\n\n\n\n<p>Las Colonias de Invierno contaron con el apoyo de distintas\nempresas e instituciones, como la Secretar\u00eda Regional de Medio Ambiente; Fuerza\nA\u00e9rea de Chile; Armada de Chile; Carabineros de Chile; Edelmag; Aguas\nMagallanes; Taller de Manejo de emociones; OPD Magallanes; Bomberos; Cuenta\nCuentos; y Conaf.<\/p>\n","protected":false},"excerpt":{"rendered":"<p>Con una funci\u00f3n de cine exclusiva, donde los peque\u00f1os pudieron ver la pel\u00edcula Toy Story 4, un centenar de ni\u00f1as y ni\u00f1os de Punta Arenas puso fin a las Colonias&#8230; <a class=\"read-more\" href=\"https:\/\/www.radiopresidenteibanez.cl\/web\/con-funcion-de-cine-un-centenar-de-ninos-puso-fin-a-las-colonias-de-invierno-2019\/\">Leer m\u00e1s<\/a><\/p>\n","protected":false},"author":2,"featured_media":5817,"comment_status":"closed","ping_status":"closed","sticky":false,"template":"","format":"standard","meta":{"footnotes":""},"categories":[1],"tags":[],"class_list":["post-5816","post","type-post","status-publish","format-standard","has-post-thumbnail","hentry","category-cronica"],"_links":{"self":[{"href":"https:\/\/www.radiopresidenteibanez.cl\/web\/wp-json\/wp\/v2\/posts\/5816","targetHints":{"allow":["GET"]}}],"collection":[{"href":"https:\/\/www.radiopresidenteibanez.cl\/web\/wp-json\/wp\/v2\/posts"}],"about":[{"href":"https:\/\/www.radiopresidenteibanez.cl\/web\/wp-json\/wp\/v2\/types\/post"}],"author":[{"embeddable":true,"href":"https:\/\/www.radiopresidenteibanez.cl\/web\/wp-json\/wp\/v2\/users\/2"}],"replies":[{"embeddable":true,"href":"https:\/\/www.radiopresidenteibanez.cl\/web\/wp-json\/wp\/v2\/comments?post=5816"}],"version-history":[{"count":0,"href":"https:\/\/www.radiopresidenteibanez.cl\/web\/wp-json\/wp\/v2\/posts\/5816\/revisions"}],"wp:featuredmedia":[{"embeddable":true,"href":"https:\/\/www.radiopresidenteibanez.cl\/web\/wp-json\/wp\/v2\/media\/5817"}],"wp:attachment":[{"href":"https:\/\/www.radiopresidenteibanez.cl\/web\/wp-json\/wp\/v2\/media?parent=5816"}],"wp:term":[{"taxonomy":"category","embeddable":true,"href":"https:\/\/www.radiopresidenteibanez.cl\/web\/wp-json\/wp\/v2\/categories?post=5816"},{"taxonomy":"post_tag","embeddable":true,"href":"https:\/\/www.radiopresidenteibanez.cl\/web\/wp-json\/wp\/v2\/tags?post=5816"}],"curies":[{"name":"wp","href":"https:\/\/api.w.org\/{rel}","templated":true}]}}