{"id":58159,"date":"2025-08-10T11:28:57","date_gmt":"2025-08-10T14:28:57","guid":{"rendered":"https:\/\/www.radiopresidenteibanez.cl\/web\/?p=58159"},"modified":"2025-08-10T11:29:25","modified_gmt":"2025-08-10T14:29:25","slug":"tabsa-renueva-convenio-con-club-de-leones-para-respaldar-jornadas-por-la-rehabilitacion","status":"publish","type":"post","link":"https:\/\/www.radiopresidenteibanez.cl\/web\/tabsa-renueva-convenio-con-club-de-leones-para-respaldar-jornadas-por-la-rehabilitacion\/","title":{"rendered":"TABSA renueva convenio con Club de Leones para respaldar Jornadas por la Rehabilitaci\u00f3n"},"content":{"rendered":"\n<p>Por tercer a\u00f1o consecutivo TABSA se convirti\u00f3 en el transporte mar\u00edtimo oficial de la 38ava versi\u00f3n de las Jornadas por la Rehabilitaci\u00f3n en Magallanes, tradicional cruzada solidaria que respalda la labor de Centro de Rehabilitaci\u00f3n y que es liderada por el Club de Leones Cruz del Sur de Punta Arenas.As\u00ed qued\u00f3 refrendado luego de la firma de un nuevo convenio que fue suscrito entre el Presidente del Club de Leones, Alejandro V\u00e1squez y el Gerente General de TABSA, Crist\u00f3bal Kulczewski esta ma\u00f1ana en el terminal de Tres Puentes.Al respecto, V\u00e1squez dijo que TABSA \u201ces un aliado muy importante para nosotros\u201d dada la colaboraci\u00f3n que se brinda en el traslado de los voluntarios a diversos \u201clugares de provincia\u201d apartados de la regi\u00f3n. \u201cEspec\u00edficamente con Tierra del Fuego y Cabo de Hornos, para nosotros es fundamental ese apoyo que nos permite que garanticemos y tengamos \u00e9xito en las actividades que desarrollamos en esas comunas\u201d, reforz\u00f3 el Presidente leonino.En tanto, Crist\u00f3bal Kulczewski, realiz\u00f3 un llamado a la comunidad a respaldar las Jornadas por la Rehabilitaci\u00f3n. \u201cTodos conocemos la labor que realizan los Centros de Rehabilitaci\u00f3n de la regi\u00f3n y, como todos los a\u00f1os, estamos seguros que la comunidad respaldar\u00e1 esta iniciativa y TABSA forma parte de este esfuerzo, cosa que hacemos con mucho agrado y con el respaldo de nuestros trabajadores\u201d, alent\u00f3 el ejecutivo.<\/p>\n","protected":false},"excerpt":{"rendered":"<p>Por tercer a\u00f1o consecutivo TABSA se convirti\u00f3 en el transporte mar\u00edtimo oficial de la 38ava versi\u00f3n de las Jornadas por la Rehabilitaci\u00f3n en Magallanes, tradicional cruzada solidaria que respalda la&#8230; <a class=\"read-more\" href=\"https:\/\/www.radiopresidenteibanez.cl\/web\/tabsa-renueva-convenio-con-club-de-leones-para-respaldar-jornadas-por-la-rehabilitacion\/\">Leer m\u00e1s<\/a><\/p>\n","protected":false},"author":2,"featured_media":58160,"comment_status":"closed","ping_status":"closed","sticky":false,"template":"","format":"standard","meta":{"footnotes":""},"categories":[1],"tags":[],"class_list":["post-58159","post","type-post","status-publish","format-standard","has-post-thumbnail","hentry","category-cronica"],"_links":{"self":[{"href":"https:\/\/www.radiopresidenteibanez.cl\/web\/wp-json\/wp\/v2\/posts\/58159","targetHints":{"allow":["GET"]}}],"collection":[{"href":"https:\/\/www.radiopresidenteibanez.cl\/web\/wp-json\/wp\/v2\/posts"}],"about":[{"href":"https:\/\/www.radiopresidenteibanez.cl\/web\/wp-json\/wp\/v2\/types\/post"}],"author":[{"embeddable":true,"href":"https:\/\/www.radiopresidenteibanez.cl\/web\/wp-json\/wp\/v2\/users\/2"}],"replies":[{"embeddable":true,"href":"https:\/\/www.radiopresidenteibanez.cl\/web\/wp-json\/wp\/v2\/comments?post=58159"}],"version-history":[{"count":0,"href":"https:\/\/www.radiopresidenteibanez.cl\/web\/wp-json\/wp\/v2\/posts\/58159\/revisions"}],"wp:featuredmedia":[{"embeddable":true,"href":"https:\/\/www.radiopresidenteibanez.cl\/web\/wp-json\/wp\/v2\/media\/58160"}],"wp:attachment":[{"href":"https:\/\/www.radiopresidenteibanez.cl\/web\/wp-json\/wp\/v2\/media?parent=58159"}],"wp:term":[{"taxonomy":"category","embeddable":true,"href":"https:\/\/www.radiopresidenteibanez.cl\/web\/wp-json\/wp\/v2\/categories?post=58159"},{"taxonomy":"post_tag","embeddable":true,"href":"https:\/\/www.radiopresidenteibanez.cl\/web\/wp-json\/wp\/v2\/tags?post=58159"}],"curies":[{"name":"wp","href":"https:\/\/api.w.org\/{rel}","templated":true}]}}