{"id":58156,"date":"2025-08-08T18:49:00","date_gmt":"2025-08-08T21:49:00","guid":{"rendered":"https:\/\/www.radiopresidenteibanez.cl\/web\/?p=58156"},"modified":"2025-08-08T11:19:40","modified_gmt":"2025-08-08T14:19:40","slug":"inauguran-en-porvenir-proyectos-de-construccion-de-alumbrado-publico-y-mejoramiento-de-multicancha","status":"publish","type":"post","link":"https:\/\/www.radiopresidenteibanez.cl\/web\/inauguran-en-porvenir-proyectos-de-construccion-de-alumbrado-publico-y-mejoramiento-de-multicancha\/","title":{"rendered":"Inauguran en Porvenir proyectos de construcci\u00f3n de alumbrado p\u00fablico y mejoramiento de multicancha"},"content":{"rendered":"\n<p>Durante los \u00faltimos d\u00edas se inauguraron dos proyectos de inversi\u00f3n<br>en la comuna de Porvenir, se trata de la construcci\u00f3n del alumbrado p\u00fablico del camino<br>Porvenir-Bah\u00eda Chilota y el mejoramiento de la multicancha Bah\u00eda Chilota, instancia que<br>cont\u00f3 con la participaci\u00f3n de autoridades regionales y locales.<br>El proyecto de alumbrado p\u00fablico tuvo una inversi\u00f3n de $292.735.561 que permiti\u00f3<br>realizar las obras de construcci\u00f3n, y el mejoramiento de la multicancha Bah\u00eda Chilota<br>cont\u00f3 con recursos por $102.796.712.- Ambas iniciativas fueron financiadas con recursos<br>de la Subsecretar\u00eda de Desarrollo Regional y Administrativo (Subdere).<br>Esta inversi\u00f3n responde a los planteamientos de estos proyectos presentados por el<br>municipio de Porvenir, donde se consider\u00f3 el d\u00e9ficit de alumbrado existente en los<br>aproximadamente 4 km. de ruta que existe entre la ciudad de Porvenir y la poblaci\u00f3n<br>Bah\u00eda Chilota, debido a la importancia para los ciudadanos que la utilizan diariamente para<br>llegar al transbordador y terminal mar\u00edtimo de la comuna, as\u00ed como a los trabajadores de<br>Bah\u00eda Chilota que ocupan esta ruta que es peligrosa al anochecer, ya que dificulta la<br>visibilidad generando riesgo de accidentes. Por ello se consider\u00f3 la instalaci\u00f3n de nuevos<br>circuitos de alumbrado p\u00fablico vial, ubicado en el sector Bah\u00eda Chilota, ruta Y-625 de la<br>comuna de Porvenir. Las nuevas luminarias cubrieron un total aproximado de 4 Km. del<br>borde costero de la comuna, instalando 104 postes de hormig\u00f3n de 11,5 metros en<br>conjunto con su gancho L-400 y la luminaria vial led 90W.<br>Con respecto al proyecto sobre el mejoramiento de la multicancha Bah\u00eda Chilota,<br>emplazado en Bah\u00eda Chilota, se encontraba en estado de deterioro, se llev\u00f3 a cabo las<br>obras de mejora del cierre perimetral, pavimentos, luminarias, y mejoramiento de<br>grader\u00edas entre otros.<br>La encargada de Subdere Magallanes, Daniella Panicucci, quien estuvo en terreno junto al<br>delegado presidencial regional de Magallanes, Jos\u00e9 Ruiz Pivcevic, en la inauguraci\u00f3n de<br>estas obras, se\u00f1al\u00f3 que \u201ccontinuamos apoyando a las comunas con financiamiento para<br>estos proyectos de iluminaci\u00f3n y mejoramiento de lugares que sirven de esparcimiento a<br>los vecinos, con el fin de que se beneficien las familias del sector y los habitantes que<br>transitan por estos sectores\u201d.<br>Por su parte, el Delegado Presidencial Regional, Jos\u00e9 Ruiz Pivcevic, destac\u00f3 que:<br>\u201cEstas obras reflejan el compromiso concreto del Gobierno con el bienestar de las<br>personas y el desarrollo equitativo del territorio. Invertir en seguridad, conectividad y<br>espacios p\u00fablicos dignos no solo mejora la calidad de vida de las comunidades, tambi\u00e9n<\/p>\n\n\n\n<p>fortalece la cohesi\u00f3n social y reafirma nuestro deber de avanzar hacia una regi\u00f3n m\u00e1s<br>justa, segura y con mejores oportunidades para todos\u201d.<br>Con la entrega de recursos de la Subdere, por un monto total, para ambos proyectos, de<br>$395.532.273.-, la instituci\u00f3n inicia un cambio muy importante, con eficiencia energ\u00e9tica<br>de la luminaria, sumado a la b\u00fasqueda de menores costos, mayor productividad, aumento<br>de percepci\u00f3n de seguridad y una mejor relaci\u00f3n para los vecinos al contar con una<br>multicancha, tambi\u00e9n con buena iluminaci\u00f3n, para realizar actividades que traen<br>beneficios a los habitantes del sector.<\/p>\n","protected":false},"excerpt":{"rendered":"<p>Durante los \u00faltimos d\u00edas se inauguraron dos proyectos de inversi\u00f3nen la comuna de Porvenir, se trata de la construcci\u00f3n del alumbrado p\u00fablico del caminoPorvenir-Bah\u00eda Chilota y el mejoramiento de la&#8230; <a class=\"read-more\" href=\"https:\/\/www.radiopresidenteibanez.cl\/web\/inauguran-en-porvenir-proyectos-de-construccion-de-alumbrado-publico-y-mejoramiento-de-multicancha\/\">Leer m\u00e1s<\/a><\/p>\n","protected":false},"author":2,"featured_media":58157,"comment_status":"closed","ping_status":"closed","sticky":false,"template":"","format":"standard","meta":{"footnotes":""},"categories":[1],"tags":[],"class_list":["post-58156","post","type-post","status-publish","format-standard","has-post-thumbnail","hentry","category-cronica"],"_links":{"self":[{"href":"https:\/\/www.radiopresidenteibanez.cl\/web\/wp-json\/wp\/v2\/posts\/58156","targetHints":{"allow":["GET"]}}],"collection":[{"href":"https:\/\/www.radiopresidenteibanez.cl\/web\/wp-json\/wp\/v2\/posts"}],"about":[{"href":"https:\/\/www.radiopresidenteibanez.cl\/web\/wp-json\/wp\/v2\/types\/post"}],"author":[{"embeddable":true,"href":"https:\/\/www.radiopresidenteibanez.cl\/web\/wp-json\/wp\/v2\/users\/2"}],"replies":[{"embeddable":true,"href":"https:\/\/www.radiopresidenteibanez.cl\/web\/wp-json\/wp\/v2\/comments?post=58156"}],"version-history":[{"count":0,"href":"https:\/\/www.radiopresidenteibanez.cl\/web\/wp-json\/wp\/v2\/posts\/58156\/revisions"}],"wp:featuredmedia":[{"embeddable":true,"href":"https:\/\/www.radiopresidenteibanez.cl\/web\/wp-json\/wp\/v2\/media\/58157"}],"wp:attachment":[{"href":"https:\/\/www.radiopresidenteibanez.cl\/web\/wp-json\/wp\/v2\/media?parent=58156"}],"wp:term":[{"taxonomy":"category","embeddable":true,"href":"https:\/\/www.radiopresidenteibanez.cl\/web\/wp-json\/wp\/v2\/categories?post=58156"},{"taxonomy":"post_tag","embeddable":true,"href":"https:\/\/www.radiopresidenteibanez.cl\/web\/wp-json\/wp\/v2\/tags?post=58156"}],"curies":[{"name":"wp","href":"https:\/\/api.w.org\/{rel}","templated":true}]}}