{"id":58145,"date":"2025-08-08T16:59:00","date_gmt":"2025-08-08T19:59:00","guid":{"rendered":"https:\/\/www.radiopresidenteibanez.cl\/web\/?p=58145"},"modified":"2025-08-08T11:02:28","modified_gmt":"2025-08-08T14:02:28","slug":"estudiantes-del-liceo-politecnico-luis-cruz-martinez-de-natales-conversaron-sobre-dano-transgeneracional-y-sitios-de-memoria","status":"publish","type":"post","link":"https:\/\/www.radiopresidenteibanez.cl\/web\/estudiantes-del-liceo-politecnico-luis-cruz-martinez-de-natales-conversaron-sobre-dano-transgeneracional-y-sitios-de-memoria\/","title":{"rendered":"Estudiantes del Liceo Polit\u00e9cnico Luis Cruz Mart\u00ednez de Natales conversaron sobre Da\u00f1o Transgeneracional y Sitios de Memoria"},"content":{"rendered":"\n<p>El martes 06 de agosto la agrupaci\u00f3n Hij@s y Niet@s por la Memoria, representada por Cristian Valle Celed\u00f3n y Ana Marlen Guerra Encina, realiz\u00f3 el conversatorio \u00abDa\u00f1o Transgeneracional y Sitios de Memoria\u00bb, dirigido a estudiantes de 3\u00b0 medio, de la especialidad: Servicios de Turismo, del Liceo Polit\u00e9cnico Luis Cruz Mart\u00ednez de Natales, en el marco de la Iniciativa Estrat\u00e9gica Regional 2025, de la Unidad de Cultura, Memoria y Derechos Humanos, del Ministerio de las Culturas, las Artes y el Patrimonio. La actividad cont\u00f3 con la presencia del delegado presidencial provincial de \u00daltima Esperanza, Guillermo Ruiz Santana.<\/p>\n\n\n\n<p>El objetivo principal del proyecto es promover la conciencia y comprensi\u00f3n del da\u00f1o transgeneracional vinculado a la dictadura civil-militar (1973-1990) en Magallanes, espec\u00edficamente entre aquellos cuyos antepasados fueron presos pol\u00edticos en sitios de memoria, a fin de fortalecer la preservaci\u00f3n de la memoria hist\u00f3rica regional en materia de Derechos Humanos.<\/p>\n\n\n\n<p>En la instancia, el delegado presidencial provincial de \u00daltima Esperanza, Guillermo Ruiz Santana, llam\u00f3 a las y los j\u00f3venes a conocer e interiorizarse en la historia de la provincia, subrayando la importancia de preservar y valorar los sitios de memoria, como espacios fundamentales para la reflexi\u00f3n y la construcci\u00f3n de una sociedad m\u00e1s justa. \u201cQuien conoce su pasado, tiene las herramientas para construir un futuro mejor para todas y todos\u201d, expres\u00f3.<\/p>\n\n\n\n<p>En el desarrollo del conversatorio las y los alumnos accedieron a un fragmento de las temporadas 1 y 2 de la serie documental \u201cHijos\/as y Nietos\/as de la Dictadura\u201d, revisaron contenidos de la Cartograf\u00eda Sitios de Memoria Magallanes, publicada por la Agrupaci\u00f3n Hij@s y Niet@s por la Memoria, en el marco de la Mesa de Cultura y Derechos Humanos del a\u00f1o 2020, impulsada por la Unidad de Cultura, Memoria y Derechos Humanos, del Ministerio de las Culturas, las Artes y el Patrimonio. Junto con ello, compartieron impresiones sobre el material exhibido y recibieron un ejemplar del c\u00f3mic \u201cArriba de la pelota; Encontrarse en la memoria\u201d, facilitado por la sede regional del Instituto Nacional de Derechos Humanos.&nbsp;<\/p>\n\n\n\n<p>Al t\u00e9rmino de la reuni\u00f3n, el profesor de Historia y Geograf\u00eda,&nbsp; Diego Mu\u00f1oz Vidal, del Liceo Polit\u00e9cnico Luis Cruz Mart\u00ednez de Natales coment\u00f3 que \u201cse agradece siempre esta oportunidad donde podamos comentar, conversar y tambi\u00e9n compartir experiencias familiares, personales del pasado que nos ayuden a construir un futuro, sin caer en los mismos errores o en las mismas atrocidades que se vivieron en el pasado\u201d. En tanto expres\u00f3 el anhelo de contar con nuevos encuentros como este, que permitan \u201cmejorar nuestra visi\u00f3n hacia el futuro en materia de derechos humanos y desaf\u00edos de la sociedad chilena\u201d, subray\u00f3.<\/p>\n\n\n\n<p>La pr\u00f3xima estaci\u00f3n del proyecto itinerante se llevar\u00e1 a cabo el 19 de agosto en el Liceo Polivalente Hernando de Magallanes de Porvenir.<\/p>\n","protected":false},"excerpt":{"rendered":"<p>El martes 06 de agosto la agrupaci\u00f3n Hij@s y Niet@s por la Memoria, representada por Cristian Valle Celed\u00f3n y Ana Marlen Guerra Encina, realiz\u00f3 el conversatorio \u00abDa\u00f1o Transgeneracional y Sitios&#8230; <a class=\"read-more\" href=\"https:\/\/www.radiopresidenteibanez.cl\/web\/estudiantes-del-liceo-politecnico-luis-cruz-martinez-de-natales-conversaron-sobre-dano-transgeneracional-y-sitios-de-memoria\/\">Leer m\u00e1s<\/a><\/p>\n","protected":false},"author":2,"featured_media":58146,"comment_status":"closed","ping_status":"closed","sticky":false,"template":"","format":"standard","meta":{"footnotes":""},"categories":[1],"tags":[],"class_list":["post-58145","post","type-post","status-publish","format-standard","has-post-thumbnail","hentry","category-cronica"],"_links":{"self":[{"href":"https:\/\/www.radiopresidenteibanez.cl\/web\/wp-json\/wp\/v2\/posts\/58145","targetHints":{"allow":["GET"]}}],"collection":[{"href":"https:\/\/www.radiopresidenteibanez.cl\/web\/wp-json\/wp\/v2\/posts"}],"about":[{"href":"https:\/\/www.radiopresidenteibanez.cl\/web\/wp-json\/wp\/v2\/types\/post"}],"author":[{"embeddable":true,"href":"https:\/\/www.radiopresidenteibanez.cl\/web\/wp-json\/wp\/v2\/users\/2"}],"replies":[{"embeddable":true,"href":"https:\/\/www.radiopresidenteibanez.cl\/web\/wp-json\/wp\/v2\/comments?post=58145"}],"version-history":[{"count":0,"href":"https:\/\/www.radiopresidenteibanez.cl\/web\/wp-json\/wp\/v2\/posts\/58145\/revisions"}],"wp:featuredmedia":[{"embeddable":true,"href":"https:\/\/www.radiopresidenteibanez.cl\/web\/wp-json\/wp\/v2\/media\/58146"}],"wp:attachment":[{"href":"https:\/\/www.radiopresidenteibanez.cl\/web\/wp-json\/wp\/v2\/media?parent=58145"}],"wp:term":[{"taxonomy":"category","embeddable":true,"href":"https:\/\/www.radiopresidenteibanez.cl\/web\/wp-json\/wp\/v2\/categories?post=58145"},{"taxonomy":"post_tag","embeddable":true,"href":"https:\/\/www.radiopresidenteibanez.cl\/web\/wp-json\/wp\/v2\/tags?post=58145"}],"curies":[{"name":"wp","href":"https:\/\/api.w.org\/{rel}","templated":true}]}}