{"id":58142,"date":"2025-08-08T15:13:00","date_gmt":"2025-08-08T18:13:00","guid":{"rendered":"https:\/\/www.radiopresidenteibanez.cl\/web\/?p=58142"},"modified":"2025-08-08T10:58:57","modified_gmt":"2025-08-08T13:58:57","slug":"lideres-sociales-iniciaron-cuarta-version-de-escuela-de-dirigentes-en-salud","status":"publish","type":"post","link":"https:\/\/www.radiopresidenteibanez.cl\/web\/lideres-sociales-iniciaron-cuarta-version-de-escuela-de-dirigentes-en-salud\/","title":{"rendered":"LIDERES SOCIALES INICIARON CUARTA VERSI\u00d3N DE ESCUELA DE DIRIGENTES EN SALUD"},"content":{"rendered":"\n<p>Por cuarto a\u00f1o consecutivo, la Uni\u00f3n Comunal de Consejos de Desarrollo de Atenci\u00f3n Primaria de Salud, con apoyo de la SEREMI de Salud y del Servicio de Salud Magallanes, dieron el vamos a la Escuela de Dirigentes en Salud.<br>Esta actividad, que se enmarca en la conmemoraci\u00f3n del D\u00eda del Dirigente Social y Comunitario, busca fortalecer la participaci\u00f3n social y ciudadana, entregando conocimientos a los l\u00edderes sociales que diariamente recorren el territorio escuchando las inquietudes y requerimientos de sus vecinos y vecinas, como usuarios de la salud p\u00fablica.<br>El objetivo de esta cuarta versi\u00f3n es capacitar a los integrantes de los distintos consejos de salud de la Red Asistencial, as\u00ed como a quienes deseen formarse en esta \u00e1rea. La escuela, constar\u00e1 de 4 sesiones en la que se expondr\u00e1 sobre desarrollo psicosocial para dirigentes comunitarios, Primera Ayuda Psicol\u00f3gica (PAP), Estrategia de Cuidado Integral Centrado en la Persona (ECICEP) y Ley de Urgencia.<br>En su primera jornada, Tatiana Leuqu\u00e9n, Presidenta de la Uni\u00f3n Comunal de Consejos de Desarrollo de Atenci\u00f3n Primaria de Salud, manifest\u00f3: \u201cHemos iniciado la escuela de dirigentes en salud, no nos acompa\u00f1\u00f3 mucho el clima en realidad y eso afect\u00f3 un poquito la asistencia, pero s\u00ed tuvimos un buen grupo en que hemos trabajado en el tema de los Primeros Auxilios Psicol\u00f3gicos que nos permite mejorar nuestro apoyo y ayuda a nuestros pares en alguna circunstancia. Tenemos otros temas de inter\u00e9s y estamos invitando a todos los que est\u00e9n trabajando en los Consejos de Desarrollo y agrupaciones de voluntariado, son todos bienvenidos\u201d.<br>La dirigente, coment\u00f3 que esta es una experiencia gratuita que se ha repetido a\u00f1o a a\u00f1o. \u201cOjal\u00e1 otros se sumen, quedan tres jornadas, as\u00ed que espero que tomen la iniciativa como una forma tambi\u00e9n de educaci\u00f3n y formaci\u00f3n\u201d, indic\u00f3 Tatiana Leuqu\u00e9n.<br>En la oportunidad, se realiz\u00f3 una breve inauguraci\u00f3n con saludos y palabras de los dirigentes asistentes, de autoridades y personeros que acompa\u00f1aron en esta primera jornada como la SEREMI de Salud, Lidia Amarales; la Directora del Servicio de Salud, Ver\u00f3nica Y\u00e1\u00f1ez; el Director del Hospital Cl\u00ednico, Ricardo Contreras; la Directora Regional de FONASA, Mar\u00eda In\u00e9s Araya; el agente de la Superintendencia de Salud, Rodrigo Rosas, y los directores de Centros de Salud, Marioly Troncoso, del CESFAM Dr. Juan Damianovic; Mart\u00edn Arguedas del CESFAM 18 de Septiembre y Lorena Ruiz, del CESFAM Dr. Thomas Fenton. Adem\u00e1s de profesionales de la salud primaria.<br>La SEREMI de Salud, Dra. Lidia Amarales, manifest\u00f3: \u201cEstoy feliz que mi primera actividad p\u00fablica sea con la Uni\u00f3n Comunal de Consejeros en el \u00e1mbito de la salud, porque son ellos una parte tremendamente importante de la comunidad, que acerca la comunidad con la atenci\u00f3n primaria y con la atenci\u00f3n de la red asistencial. Son ellos los que nos dicen cu\u00e1les son las necesidades y requerimientos, desde una mirada integral de la salud, enfocada en lo biopsicosocial y no solo en lo m\u00e9dico. Es fundamental comprender que los dirigentes, la comunidad y las familias son clave para mantener a nuestros vecinos sanos y con calidad de vida. Por eso, valoro profundamente que esta actividad, en su cuarta versi\u00f3n, cuente con el respaldo de la SEREMI y del Servicio de Salud\u201d.<br>De igual forma, la directora del Servicio de Salud Magallanes, Ver\u00f3nica Y\u00e1\u00f1ez, felicit\u00f3 la iniciativa,<br>destac\u00e1ndola como una buena pr\u00e1ctica desde la sociedad civil. \u201cSiempre es bueno contar con capacitaci\u00f3n y formaci\u00f3n de nuevos dirigentes, porque para nuestro sector es importante el tener las referencias y poder trabajar con ellos como voz de la comunidad, por lo tanto, estas instancias donde desde el Servicio de Salud, desde la SEREMI, FONASA y la Superintendencia de Salud, participamos para fortalecer esta interacci\u00f3n de las instituciones en favor de la comunidad\u201d, indic\u00f3 la directora.<br>Agregando Ver\u00f3nica Y\u00e1\u00f1ez, en contexto de la conmemoraci\u00f3n del D\u00eda del Dirigente Social y Comunitario, \u201crelevamos el af\u00e1n y todo lo que ha puesto en esta convocatoria la dirigencia liderada por la Sra. Tatiana Leuqu\u00e9n, para congregar a personas interesadas en formarse, capacitarse e interactuar con las distintas instituciones de salud\u201d, puntualiz\u00f3.<br>Uno de los dirigentes hist\u00f3ricos y presidente del Consejo de Desarrollo del CESFAM Carlos Ib\u00e1\u00f1ez, Jorge Gallado, destac\u00f3 la participaci\u00f3n de tantas personas en esta Escuela porque \u201cson ellos el empuje que hay que dar tambi\u00e9n a los consejos y no solamente a ellos, sino tambi\u00e9n a las Juntas de Vecinos. Hay gente presente, tambi\u00e9n de otras iniciativas, como la agrupaci\u00f3n TEA y fibromialgia, entre otros. Entonces, yo creo que es un empuje bastante fuerte, porque nosotros cuando comenzamos, empezamos de poquito, y hoy d\u00eda ya tenemos un poquito m\u00e1s fuerza, siempre vamos por la parte positiva y no negativa\u201d.<br>Desde Atenci\u00f3n Primaria de Salud, la directora del CESFAM Dr. Juan Damianovic, Marioly Troncoso, se\u00f1al\u00f3 que \u201clos Consejos de Desarrollo son un pilar fundamental que se trabaja desde atenci\u00f3n primaria, la participaci\u00f3n de la comunidad debe ser escuchada desde todos los planos de la salud p\u00fablica y en el caso de atenci\u00f3n primaria, los programas se articulan con ellos; los Consejos se vinculan a trav\u00e9s de nuestros encargados de participaci\u00f3n con las comunidades y, la idea es potenciar el di\u00e1logo y poder seguir articulando acciones y trabajo en conjunto\u201d, indic\u00f3.<br>Cabe consignar que, en la primera jornada de la IV Escuela de Dirigentes en Salud, la psic\u00f3loga Nicole Bahamonde, del Servicio de Salud, y la enfermera Carolina Ulloa, de la SEREMI, realizaron la presentaci\u00f3n titulada \u201cPrimera Ayuda Psicol\u00f3gica\u201d. En las pr\u00f3ximas sesiones, las y los dirigentes abordar\u00e1n las siguientes tem\u00e1ticas: Desarrollo Psicosocial para Dirigentes (13 de agosto), Ley de Urgencia (20 de agosto) y ECICEP: Estrategia de Cuidado Integral Centrado en la Persona (27 de agosto). La Escuela finalizar\u00e1 el 27 de agosto con la ceremonia de certificaci\u00f3n de los participantes.<\/p>\n","protected":false},"excerpt":{"rendered":"<p>Por cuarto a\u00f1o consecutivo, la Uni\u00f3n Comunal de Consejos de Desarrollo de Atenci\u00f3n Primaria de Salud, con apoyo de la SEREMI de Salud y del Servicio de Salud Magallanes, dieron&#8230; <a class=\"read-more\" href=\"https:\/\/www.radiopresidenteibanez.cl\/web\/lideres-sociales-iniciaron-cuarta-version-de-escuela-de-dirigentes-en-salud\/\">Leer m\u00e1s<\/a><\/p>\n","protected":false},"author":2,"featured_media":58143,"comment_status":"closed","ping_status":"closed","sticky":false,"template":"","format":"standard","meta":{"footnotes":""},"categories":[1],"tags":[],"class_list":["post-58142","post","type-post","status-publish","format-standard","has-post-thumbnail","hentry","category-cronica"],"_links":{"self":[{"href":"https:\/\/www.radiopresidenteibanez.cl\/web\/wp-json\/wp\/v2\/posts\/58142","targetHints":{"allow":["GET"]}}],"collection":[{"href":"https:\/\/www.radiopresidenteibanez.cl\/web\/wp-json\/wp\/v2\/posts"}],"about":[{"href":"https:\/\/www.radiopresidenteibanez.cl\/web\/wp-json\/wp\/v2\/types\/post"}],"author":[{"embeddable":true,"href":"https:\/\/www.radiopresidenteibanez.cl\/web\/wp-json\/wp\/v2\/users\/2"}],"replies":[{"embeddable":true,"href":"https:\/\/www.radiopresidenteibanez.cl\/web\/wp-json\/wp\/v2\/comments?post=58142"}],"version-history":[{"count":0,"href":"https:\/\/www.radiopresidenteibanez.cl\/web\/wp-json\/wp\/v2\/posts\/58142\/revisions"}],"wp:featuredmedia":[{"embeddable":true,"href":"https:\/\/www.radiopresidenteibanez.cl\/web\/wp-json\/wp\/v2\/media\/58143"}],"wp:attachment":[{"href":"https:\/\/www.radiopresidenteibanez.cl\/web\/wp-json\/wp\/v2\/media?parent=58142"}],"wp:term":[{"taxonomy":"category","embeddable":true,"href":"https:\/\/www.radiopresidenteibanez.cl\/web\/wp-json\/wp\/v2\/categories?post=58142"},{"taxonomy":"post_tag","embeddable":true,"href":"https:\/\/www.radiopresidenteibanez.cl\/web\/wp-json\/wp\/v2\/tags?post=58142"}],"curies":[{"name":"wp","href":"https:\/\/api.w.org\/{rel}","templated":true}]}}