{"id":58139,"date":"2025-08-08T13:47:00","date_gmt":"2025-08-08T16:47:00","guid":{"rendered":"https:\/\/www.radiopresidenteibanez.cl\/web\/?p=58139"},"modified":"2025-08-08T10:50:26","modified_gmt":"2025-08-08T13:50:26","slug":"programa-de-cuidados-duplicara-su-cobertura-en-natales","status":"publish","type":"post","link":"https:\/\/www.radiopresidenteibanez.cl\/web\/programa-de-cuidados-duplicara-su-cobertura-en-natales\/","title":{"rendered":"Programa de cuidados duplicar\u00e1 su cobertura en Natales"},"content":{"rendered":"\n<p>En el marco de su visita a la comuna de Natales el Secretario Regional Ministerial de Desarrollo Social y Familia, Danilo Mimica, se reuni\u00f3 con la Alcaldesa Ana Mayorga para anunciar que el&nbsp;Programa Red Local de Apoyos y Cuidados (RLAC), duplicar\u00e1 su cobertura para incorporar&nbsp;a&nbsp;nuevos usuarios y llegar a m\u00e1s familias que requieren apoyo en situaciones de dependencia moderada y severa.<\/p>\n\n\n\n<p>Este programa perteneciente al Ministerio de Desarrollo Social y Familia es ejecutado en los territorios por los municipios, con el objetivo de contribuir a que las personas en situaci\u00f3n de dependencia funcional mantengan o mejoren el desarrollo de las actividades b\u00e1sicas de la vida diaria, y la vez, que sus personas cuidadoras mantengan o disminuyan el nivel de sobrecarga.<\/p>\n\n\n\n<p>El Seremi Danilo Mimica explic\u00f3 que \u201cmediante este incremento pasaremos de 71 a 152 diadas en Natales, concepto utilizado para referirse a la dupla de beneficiarios conformada por la persona que cuida y quien recibe el cuidado. Para nuestro Gobierno es de suma importancia aportar en la descentralizaci\u00f3n de la oferta del Estado en materia de cuidados, y por ello, estamos robusteciendo este programa que inicialmente operaba en Natales y Cabo de Hornos, y que ahora tambi\u00e9n se encuentra presente en Porvenir, San Gregorio, Torres del Paine y Punta Arenas\u201d.<\/p>\n\n\n\n<p>A su vez, la Alcaldesa de Natales, Ana Mayorga destac\u00f3 el encuentro con la autoridad regional, se\u00f1alando que \u201ceste incremento en la cobertura del Programa Red Local de Apoyos y Cuidados es un gran avance para nuestra comuna, ya que permitir\u00e1 llegar a m\u00e1s familias que necesitan apoyo en situaciones de dependencia. Agradecemos el compromiso del Seremi Danilo Mimica por fortalecer esta iniciativa, que no solo mejora la calidad de vida de las personas en situaci\u00f3n de dependencia, sino que tambi\u00e9n alivia la carga de sus cuidadores. Seguiremos trabajando juntos para garantizar que Natales cuente con una red de cuidados s\u00f3lida y accesible para todos quienes lo necesiten.\u00bb<\/p>\n\n\n\n<p>El Programa Red Local de Apoyos y Cuidados fue creado en 2017 y actualmente es parte de la oferta del Sistema Nacional de Apoyos y Cuidados \u201cChile Cuida\u201d, proyecto de ley que se encuentra en su segundo tr\u00e1mite legislativo en el Senado, y que reconoce el cuidado como un trabajo y un derecho, estableciendo tambi\u00e9n una institucionalidad que permita asegurarlo de manera universal y progresiva.<\/p>\n\n\n\n<p><strong>Entrega de ayudas t\u00e9cnicas<\/strong><\/p>\n\n\n\n<p>Finalmente, ambas autoridades visitaron los hogares de Margarita M\u00e1rquez y Jenaro V\u00e1squez, usuarios del Programa Red Local de Apoyos y Cuidados, a quienes se les hizo entrega de ayudas t\u00e9cnicas, dispositivos o productos dise\u00f1ados para facilitar la vida de personas con discapacidad o dependencia.<\/p>\n\n\n\n<p>En el contexto de este programa de Gobierno, en esta oportunidad se gestion\u00f3 en Natales la entrega de ocho sillas de ducha y 4 ba\u00f1os port\u00e1til.<\/p>\n","protected":false},"excerpt":{"rendered":"<p>En el marco de su visita a la comuna de Natales el Secretario Regional Ministerial de Desarrollo Social y Familia, Danilo Mimica, se reuni\u00f3 con la Alcaldesa Ana Mayorga para&#8230; <a class=\"read-more\" href=\"https:\/\/www.radiopresidenteibanez.cl\/web\/programa-de-cuidados-duplicara-su-cobertura-en-natales\/\">Leer m\u00e1s<\/a><\/p>\n","protected":false},"author":2,"featured_media":58140,"comment_status":"closed","ping_status":"closed","sticky":false,"template":"","format":"standard","meta":{"footnotes":""},"categories":[1],"tags":[],"class_list":["post-58139","post","type-post","status-publish","format-standard","has-post-thumbnail","hentry","category-cronica"],"_links":{"self":[{"href":"https:\/\/www.radiopresidenteibanez.cl\/web\/wp-json\/wp\/v2\/posts\/58139","targetHints":{"allow":["GET"]}}],"collection":[{"href":"https:\/\/www.radiopresidenteibanez.cl\/web\/wp-json\/wp\/v2\/posts"}],"about":[{"href":"https:\/\/www.radiopresidenteibanez.cl\/web\/wp-json\/wp\/v2\/types\/post"}],"author":[{"embeddable":true,"href":"https:\/\/www.radiopresidenteibanez.cl\/web\/wp-json\/wp\/v2\/users\/2"}],"replies":[{"embeddable":true,"href":"https:\/\/www.radiopresidenteibanez.cl\/web\/wp-json\/wp\/v2\/comments?post=58139"}],"version-history":[{"count":0,"href":"https:\/\/www.radiopresidenteibanez.cl\/web\/wp-json\/wp\/v2\/posts\/58139\/revisions"}],"wp:featuredmedia":[{"embeddable":true,"href":"https:\/\/www.radiopresidenteibanez.cl\/web\/wp-json\/wp\/v2\/media\/58140"}],"wp:attachment":[{"href":"https:\/\/www.radiopresidenteibanez.cl\/web\/wp-json\/wp\/v2\/media?parent=58139"}],"wp:term":[{"taxonomy":"category","embeddable":true,"href":"https:\/\/www.radiopresidenteibanez.cl\/web\/wp-json\/wp\/v2\/categories?post=58139"},{"taxonomy":"post_tag","embeddable":true,"href":"https:\/\/www.radiopresidenteibanez.cl\/web\/wp-json\/wp\/v2\/tags?post=58139"}],"curies":[{"name":"wp","href":"https:\/\/api.w.org\/{rel}","templated":true}]}}