{"id":58133,"date":"2025-08-08T11:39:00","date_gmt":"2025-08-08T14:39:00","guid":{"rendered":"https:\/\/www.radiopresidenteibanez.cl\/web\/?p=58133"},"modified":"2025-08-08T10:42:50","modified_gmt":"2025-08-08T13:42:50","slug":"fundacion-elige-educar-y-slep-magallanes-apoyan-a-docentes-en-bienestar-y-salud-mental","status":"publish","type":"post","link":"https:\/\/www.radiopresidenteibanez.cl\/web\/fundacion-elige-educar-y-slep-magallanes-apoyan-a-docentes-en-bienestar-y-salud-mental\/","title":{"rendered":"Fundaci\u00f3n Elige Educar y SLEP Magallanes apoyan a docentes en bienestar y salud mental"},"content":{"rendered":"\n<p>De manera presencial en Puerto Natales y Punta Arenas, profesores y profesoras de la educaci\u00f3n<br>p\u00fablica se sumaron a la iniciativa \u201cSomos Profes, Somos Educadores\u201d de la Fundaci\u00f3n Elige Educar<br>que busca contribuir al bienestar docente a trav\u00e9s de acompa\u00f1amiento y espacios de encuentro,<br>La iniciativa se enfoca principalmente en profesores y profesoras que est\u00e1n en los primeros a\u00f1os<br>de ejercicio de la docencia y que a diario enfrentan el estr\u00e9s y desaf\u00edos propios del trabajo en el<br>aula.<br>El encargado de Formaci\u00f3n de Desarrollo Profesional del SLEP Magallanes, Jes\u00fas Rivera, coment\u00f3<br>que \u201chubo una muy buena asistencia, con m\u00e1s de 70 profesores inscritos que pudieron disfrutar<br>de un espacio de autocuidado, de entretenci\u00f3n y aprendizaje liderado por un muy buen equipo de<br>Somos Profes, Somos Educadores que nos acompa\u00f1\u00f3 desde Santiago\u201d.<br>Agreg\u00f3 que \u201cla profesi\u00f3n docente es una labor estresante, muy din\u00e1mica en el d\u00eda a d\u00eda, y tener un<br>espacio de contenci\u00f3n y apoyo de pares es muy significativo\u201d.<br>Una de las preocupaciones para el sistema educativo a nivel nacional es la deserci\u00f3n de los<br>profesionales de la educaci\u00f3n en los primeros a\u00f1os de trabajo, lo que aborda el Ministerio de<br>Educaci\u00f3n por medio de acompa\u00f1amiento a los docentes m\u00e1s j\u00f3venes.<br>\u201cEste programa contribuye a ese acompa\u00f1amiento para que nuestros docentes permanezcan en el<br>sistema y cuenten con las herramientas necesarias para enfrentar una labor que cada d\u00eda es m\u00e1s<br>compleja\u201d, declar\u00f3 el profesional del Servicio Local de Educaci\u00f3n P\u00fablica Magallanes.<br>Los encuentros de \u201cSomos Profes, Somos Educadores\u201d se continuar\u00e1n realizando durante el<br>segundo semestre en formato virtual para profesores y profesoras de la educaci\u00f3n p\u00fablica de<br>todos los niveles.<br>Los docentes que se quieran sumar a las actividades pueden hacerlo a trav\u00e9s del formulario<br>https:\/\/forms.office.com\/r\/P2vGE6vXcG<\/p>\n","protected":false},"excerpt":{"rendered":"<p>De manera presencial en Puerto Natales y Punta Arenas, profesores y profesoras de la educaci\u00f3np\u00fablica se sumaron a la iniciativa \u201cSomos Profes, Somos Educadores\u201d de la Fundaci\u00f3n Elige Educarque busca&#8230; <a class=\"read-more\" href=\"https:\/\/www.radiopresidenteibanez.cl\/web\/fundacion-elige-educar-y-slep-magallanes-apoyan-a-docentes-en-bienestar-y-salud-mental\/\">Leer m\u00e1s<\/a><\/p>\n","protected":false},"author":2,"featured_media":58134,"comment_status":"closed","ping_status":"closed","sticky":false,"template":"","format":"standard","meta":{"footnotes":""},"categories":[1],"tags":[],"class_list":["post-58133","post","type-post","status-publish","format-standard","has-post-thumbnail","hentry","category-cronica"],"_links":{"self":[{"href":"https:\/\/www.radiopresidenteibanez.cl\/web\/wp-json\/wp\/v2\/posts\/58133","targetHints":{"allow":["GET"]}}],"collection":[{"href":"https:\/\/www.radiopresidenteibanez.cl\/web\/wp-json\/wp\/v2\/posts"}],"about":[{"href":"https:\/\/www.radiopresidenteibanez.cl\/web\/wp-json\/wp\/v2\/types\/post"}],"author":[{"embeddable":true,"href":"https:\/\/www.radiopresidenteibanez.cl\/web\/wp-json\/wp\/v2\/users\/2"}],"replies":[{"embeddable":true,"href":"https:\/\/www.radiopresidenteibanez.cl\/web\/wp-json\/wp\/v2\/comments?post=58133"}],"version-history":[{"count":0,"href":"https:\/\/www.radiopresidenteibanez.cl\/web\/wp-json\/wp\/v2\/posts\/58133\/revisions"}],"wp:featuredmedia":[{"embeddable":true,"href":"https:\/\/www.radiopresidenteibanez.cl\/web\/wp-json\/wp\/v2\/media\/58134"}],"wp:attachment":[{"href":"https:\/\/www.radiopresidenteibanez.cl\/web\/wp-json\/wp\/v2\/media?parent=58133"}],"wp:term":[{"taxonomy":"category","embeddable":true,"href":"https:\/\/www.radiopresidenteibanez.cl\/web\/wp-json\/wp\/v2\/categories?post=58133"},{"taxonomy":"post_tag","embeddable":true,"href":"https:\/\/www.radiopresidenteibanez.cl\/web\/wp-json\/wp\/v2\/tags?post=58133"}],"curies":[{"name":"wp","href":"https:\/\/api.w.org\/{rel}","templated":true}]}}