{"id":58126,"date":"2025-08-08T10:29:53","date_gmt":"2025-08-08T13:29:53","guid":{"rendered":"https:\/\/www.radiopresidenteibanez.cl\/web\/?p=58126"},"modified":"2025-08-08T11:14:26","modified_gmt":"2025-08-08T14:14:26","slug":"programa-para-pequenas-localidades-del-minvuselecciono-a-cerro-sombrero-en-la-comuna-de-primavera","status":"publish","type":"post","link":"https:\/\/www.radiopresidenteibanez.cl\/web\/programa-para-pequenas-localidades-del-minvuselecciono-a-cerro-sombrero-en-la-comuna-de-primavera\/","title":{"rendered":"Programa Para Peque\u00f1as Localidades del Minvu seleccion\u00f3 a Cerro Sombrero en la comuna de Primavera"},"content":{"rendered":"\n<p>\u201cCon mucha satisfacci\u00f3n informamos la reciente selecci\u00f3n de Cerro Sombrero, en la comuna de Primavera por parte del Programa para Peque\u00f1as Localidades del Minvu, a la cual hemos llegado en el Gobierno del Presidente Gabriel Boric con el proyecto habitacional Pioneros y nuestro programa de Pavimentos Participativos, por lo que esta iniciativa ser\u00e1 un nuevo impulso para<br>la comunidad que hace patria en Tierra del Fuego\u201d, inform\u00f3 el Seremi, Marco Uribe Saldivia.<br>Con esta selecci\u00f3n, el Minvu est\u00e1 presente con el Programa Para Peque\u00f1as Localidades en las tres<br>comunas de Tierra del Fuego: Porvenir, a trav\u00e9s de una iniciativa espejo cofinanciada por el Gobierno Regional; Pampa Guanaco en la comuna de Timaukel; y Cerro Sombrero en la comuna de Primavera, las dos \u00faltimas financiadas por el Ministerio de Vivienda y Urbanismo. Adem\u00e1s, interviene en Dorotea, comuna de Natales y Villa Tehuelches en la comuna de Laguna Blanca con recursos sectoriales y en Villa Ukika, comuna de Cabo de Hornos, con cofinanciamiento regional. Mientras que el a\u00f1o pasado se dio cierre a la intervenci\u00f3n en Villa Punta Delgada, comuna de San Gregorio.<br>La Alcaldesa de Primavera, Karina Fern\u00e1ndez Mar\u00edn, manifest\u00f3 \u201cEstamos muy contentos con la<br>selecci\u00f3n de Cerro Sombrero en el Programa Peque\u00f1as Localidades del Ministerio de Vivienda y<br>Urbanismo. Este programa nos proporcionar\u00e1 1.500 millones para mejorar la infraestructura urbana de Cerro Sombrero, contribuyendo as\u00ed a mejorar la calidad de vida de los habitantes. Tambi\u00e9n destaca en este programa que en su etapa de diagn\u00f3stico se considerar\u00e1 la participaci\u00f3n directa de la comunidad.<br>Es as\u00ed como los vecinos y vecinas priorizar\u00e1n los proyectos posibles a desarrollar\u201d.<br>La mesa regional a cargo de seleccionar la propuesta, fue presidida por el Seremi de Vivienda y<br>Urbanismo, Marco Uribe Saldivia; la jefa de la Divisi\u00f3n de Infraestructura y Transporte del Gobierno<br>Regional, Hina Carabantes Hern\u00e1ndez; la representante de la Delegaci\u00f3n Presidencial Provincial, Camila Mancilla Quediman; el Seremi de Desarrollo Social y Familia, Danilo Mimica Mancilla; el Seremi de Obras P\u00fablicas, Jos\u00e9 Luis Hern\u00e1ndez Vera; la Seremi de Econom\u00eda, Fomento y Turismo, Marlene Espa\u00f1a Miranda; el representante de la Subsecretar\u00eda de Desarrollo Regional, Esteban Maldonado C\u00e1rdenas y el encargado regional del programa Para Peque\u00f1as Localidades, Hern\u00e1n L\u00f3pez Mu\u00f1oz.<br>Peque\u00f1as Localidades y Descentralizaci\u00f3n<br>El Programa Para Peque\u00f1as Localidades se focaliza en territorios ubicados en comunas con menos de 20 mil habitantes, que cuentan con menor acceso a la oferta program\u00e1tica del Estado y donde sus caracter\u00edsticas productivas e identitarias se vean fortalecidas mediante la intervenci\u00f3n.<br>Cerro Sombrero en la comuna de Primavera, se ubica en el ingreso oriental a la Provincia de Tierra del Fuego, y mantiene hasta la actualidad una identidad vinculada a la producci\u00f3n de petr\u00f3leo y gas natural, ganader\u00eda ovina y prestaci\u00f3n de servicios. Fue declarado capital comunal el 5 de agosto de 1965 en reconocimiento a la trayectoria de su poblaci\u00f3n que se estableci\u00f3 a contar de 1950 como parte del campamento de la Empresa Nacional del Petr\u00f3leo (ENAP), tan solo cinco a\u00f1os despu\u00e9s del descubrimiento del primer pozo petrolero, el 29 de diciembre de 1945 en Manantiales. Su paisaje caracter\u00edstico de la pampa fueguina, sumado a su arquitectura modernista, le otorgan un sello distintivo con potencial para el turismo patrimonial y rural.<br>Actualmente el Ministerio de Vivienda y Urbanismo a trav\u00e9s del Plan de Emergencia Habitacional,<br>construye el conjunto habitacional Pioneros, destinado a 49 familias residentes en la localidad. Se<br>suman a lo anterior, obras del 33\u00b0 Llamado del Programa de Pavimentaci\u00f3n Participativa, consistentes en la pavimentaci\u00f3n de 421 metros lineales de calzadas, se\u00f1alizaci\u00f3n vial, accesibilidad universal, obras de canalizaci\u00f3n de aguas lluvias, bandas met\u00e1licas y defensas camineras, con una inversi\u00f3n de 3.571 millones de pesos.<br>\u201cEstamos cumpliendo el mandato presidencial de descentralizaci\u00f3n, llegando a todas las comunas de Magallanes, mediante la coordinaci\u00f3n con los Municipios y gracias al trabajo de los equipos de la Seremi y el Serviu regional que se encuentran desplegados en todo el territorio y que hoy d\u00eda podemos decir con toda certeza que estamos presentes en el cien por ciento de las comunas de Tierra del Fuego\u201d, concluy\u00f3 el Seremi Uribe.<br>Al concurso 2025 del Minvu convocado en el mes de mayo, ingresaron las postulaciones de Cerro<br>Sombrero por parte de la Municipalidad de Primavera y Villa Darwin por parte del Municipio de R\u00edo Verde, resultando seleccionada la primera.<\/p>\n","protected":false},"excerpt":{"rendered":"<p>\u201cCon mucha satisfacci\u00f3n informamos la reciente selecci\u00f3n de Cerro Sombrero, en la comuna de Primavera por parte del Programa para Peque\u00f1as Localidades del Minvu, a la cual hemos llegado en&#8230; <a class=\"read-more\" href=\"https:\/\/www.radiopresidenteibanez.cl\/web\/programa-para-pequenas-localidades-del-minvuselecciono-a-cerro-sombrero-en-la-comuna-de-primavera\/\">Leer m\u00e1s<\/a><\/p>\n","protected":false},"author":2,"featured_media":58127,"comment_status":"closed","ping_status":"closed","sticky":false,"template":"","format":"standard","meta":{"footnotes":""},"categories":[1],"tags":[],"class_list":["post-58126","post","type-post","status-publish","format-standard","has-post-thumbnail","hentry","category-cronica"],"_links":{"self":[{"href":"https:\/\/www.radiopresidenteibanez.cl\/web\/wp-json\/wp\/v2\/posts\/58126","targetHints":{"allow":["GET"]}}],"collection":[{"href":"https:\/\/www.radiopresidenteibanez.cl\/web\/wp-json\/wp\/v2\/posts"}],"about":[{"href":"https:\/\/www.radiopresidenteibanez.cl\/web\/wp-json\/wp\/v2\/types\/post"}],"author":[{"embeddable":true,"href":"https:\/\/www.radiopresidenteibanez.cl\/web\/wp-json\/wp\/v2\/users\/2"}],"replies":[{"embeddable":true,"href":"https:\/\/www.radiopresidenteibanez.cl\/web\/wp-json\/wp\/v2\/comments?post=58126"}],"version-history":[{"count":0,"href":"https:\/\/www.radiopresidenteibanez.cl\/web\/wp-json\/wp\/v2\/posts\/58126\/revisions"}],"wp:featuredmedia":[{"embeddable":true,"href":"https:\/\/www.radiopresidenteibanez.cl\/web\/wp-json\/wp\/v2\/media\/58127"}],"wp:attachment":[{"href":"https:\/\/www.radiopresidenteibanez.cl\/web\/wp-json\/wp\/v2\/media?parent=58126"}],"wp:term":[{"taxonomy":"category","embeddable":true,"href":"https:\/\/www.radiopresidenteibanez.cl\/web\/wp-json\/wp\/v2\/categories?post=58126"},{"taxonomy":"post_tag","embeddable":true,"href":"https:\/\/www.radiopresidenteibanez.cl\/web\/wp-json\/wp\/v2\/tags?post=58126"}],"curies":[{"name":"wp","href":"https:\/\/api.w.org\/{rel}","templated":true}]}}