{"id":58123,"date":"2025-08-08T09:21:00","date_gmt":"2025-08-08T12:21:00","guid":{"rendered":"https:\/\/www.radiopresidenteibanez.cl\/web\/?p=58123"},"modified":"2025-08-08T10:24:52","modified_gmt":"2025-08-08T13:24:52","slug":"sag-avanza-en-equidad-de-genero-y-recibe-sello-de-oro-para-instituciones-publicas-otorgado-por-el-pnud","status":"publish","type":"post","link":"https:\/\/www.radiopresidenteibanez.cl\/web\/sag-avanza-en-equidad-de-genero-y-recibe-sello-de-oro-para-instituciones-publicas-otorgado-por-el-pnud\/","title":{"rendered":"SAG avanza en equidad de g\u00e9nero y recibe Sello de Oro para Instituciones P\u00fablicas otorgado por el PNUD"},"content":{"rendered":"\n<p>Ayer, en el Palacio de La Moneda, el Servicio Agr\u00edcola y Ganadero, SAG, recibi\u00f3 el Sello de Igualdad de G\u00e9nero en categor\u00eda Oro, otorgado por el Programa de las Naciones Unidas para el Desarrollo (PNUD). La ceremonia fue encabezada por el Ministro de Agricultura, Esteban Valenzuela, y el Director Nacional del SAG, Jos\u00e9 Guajardo Reyes, quien recibi\u00f3 la distinci\u00f3n de manos de la representante residente del PNUD en Chile, Georgiana Braga-Orillard. Este reconocimiento es el resultado de un intenso trabajo de implementaci\u00f3n de dos a\u00f1os de distintas pol\u00edticas y mecanismos orientados a reducir la brecha de g\u00e9nero al interior de la instituci\u00f3n, as\u00ed como tambi\u00e9n en su relaci\u00f3n con usuarios y usuarias.<\/p>\n\n\n\n<p>En la ocasi\u00f3n, el Ministro de Agricultura, Esteban Valenzuela, se\u00f1al\u00f3: \u201cChile acaba de ganar una nueva medalla de oro, un reconocimiento muy significativo del Programa de las Naciones Unidas para el Desarrollo. El a\u00f1o pasado, en el marco del Sello de Igualdad de G\u00e9nero, se entregaron solo dos medallas de oro a nivel mundial, y este a\u00f1o fueron tres, todas para instituciones chilenas: el Ministerio de Justicia, la Canciller\u00eda y nuestro Servicio Agr\u00edcola y Ganadero\u201d.<\/p>\n\n\n\n<p>Por su parte, la representante residente del PNUD en Chile, Georgiana Braga-Orillard, expres\u00f3 que: \u201cEstamos muy contentos de hacer entrega del Sello de Igualdad de G\u00e9nero, en nivel Oro, al Servicio Agr\u00edcola y Ganadero. Fueron dos a\u00f1os de intenso trabajo dentro de la instituci\u00f3n para fortalecer sus pol\u00edticas en esta materia, considerando todos los aspectos, desde la inclusi\u00f3n en el presupuesto hasta el trabajo que el Servicio realiza hacia afuera, con las comunidades rurales y, especialmente, con las mujeres rurales\u201d.<\/p>\n\n\n\n<p>\u201cPara nosotros es muy importante reconocer el trabajo de las mujeres dentro de la instituci\u00f3n. Que cumplen muchos roles, pero que durante mucho tiempo estuvieron, en cierta medida, relegadas, postergadas. Hoy se ha logrado hacer tremendas transformaciones internas para darle el espacio y el respeto que le corresponde a cada una de ellas\u201d indic\u00f3 Jos\u00e9 Guajardo Reyes, Director Nacional del SAG.<\/p>\n\n\n\n<p>La m\u00e1xima autoridad del SAG tambi\u00e9n agradeci\u00f3 \u201ca todos los funcionarios y funcionarias que hicieron posible este logro. Tenemos el compromiso de no bajar la guardia, seguir avanzando y acompa\u00f1ar a otros servicios y ministerios para que tambi\u00e9n lo consigan, en cumplimiento del mandato de un Gobierno feminista que impulsa el desarrollo de la mujer, y del cual nosotros somos parte\u201d.<\/p>\n\n\n\n<p><strong>Cerrando brechas<\/strong><\/p>\n\n\n\n<p>El Sello de Igualdad de G\u00e9nero es una iniciativa internacional impulsada por el PNUD que busca acelerar el cumplimiento de los compromisos de la Agenda 2030 para el Desarrollo Sostenible, mediante la implementaci\u00f3n de herramientas concretas que permitan integrar transversalmente la perspectiva de g\u00e9nero en la gesti\u00f3n p\u00fablica. Su objetivo es que los servicios p\u00fablicos adopten pol\u00edticas, planes y mecanismos orientados a cerrar brechas de g\u00e9nero, prevenir la violencia, facilitar la conciliaci\u00f3n de la vida personal, laboral y familiar, y promover la participaci\u00f3n de las mujeres en todos los niveles de toma de decisiones.<\/p>\n\n\n\n<p>Obtener la certificaci\u00f3n en nivel Oro significa que el SAG ha alcanzado altos est\u00e1ndares en cinco dimensiones clave: planificaci\u00f3n y gesti\u00f3n; arquitectura y capacidades para la igualdad de g\u00e9nero; ambientes laborales inclusivos; alianzas, participaci\u00f3n y rendici\u00f3n de cuentas; y resultados e impacto en las pol\u00edticas p\u00fablicas. Estas \u00e1reas reflejan una gesti\u00f3n comprometida con la transversalizaci\u00f3n del enfoque de g\u00e9nero en todos los niveles de la instituci\u00f3n.<\/p>\n\n\n\n<p>Este reconocimiento no solo valida el trabajo realizado por el SAG para avanzar hacia una mayor equidad entre hombres y mujeres, sino que tambi\u00e9n reafirma su compromiso con la construcci\u00f3n de una cultura organizacional basada en el respeto, la corresponsabilidad, la equidad y los derechos humanos, consolid\u00e1ndose como un referente en la gesti\u00f3n p\u00fablica con enfoque de g\u00e9nero.<\/p>\n","protected":false},"excerpt":{"rendered":"<p>Ayer, en el Palacio de La Moneda, el Servicio Agr\u00edcola y Ganadero, SAG, recibi\u00f3 el Sello de Igualdad de G\u00e9nero en categor\u00eda Oro, otorgado por el Programa de las Naciones&#8230; <a class=\"read-more\" href=\"https:\/\/www.radiopresidenteibanez.cl\/web\/sag-avanza-en-equidad-de-genero-y-recibe-sello-de-oro-para-instituciones-publicas-otorgado-por-el-pnud\/\">Leer m\u00e1s<\/a><\/p>\n","protected":false},"author":2,"featured_media":58124,"comment_status":"closed","ping_status":"closed","sticky":false,"template":"","format":"standard","meta":{"footnotes":""},"categories":[1],"tags":[],"class_list":["post-58123","post","type-post","status-publish","format-standard","has-post-thumbnail","hentry","category-cronica"],"_links":{"self":[{"href":"https:\/\/www.radiopresidenteibanez.cl\/web\/wp-json\/wp\/v2\/posts\/58123","targetHints":{"allow":["GET"]}}],"collection":[{"href":"https:\/\/www.radiopresidenteibanez.cl\/web\/wp-json\/wp\/v2\/posts"}],"about":[{"href":"https:\/\/www.radiopresidenteibanez.cl\/web\/wp-json\/wp\/v2\/types\/post"}],"author":[{"embeddable":true,"href":"https:\/\/www.radiopresidenteibanez.cl\/web\/wp-json\/wp\/v2\/users\/2"}],"replies":[{"embeddable":true,"href":"https:\/\/www.radiopresidenteibanez.cl\/web\/wp-json\/wp\/v2\/comments?post=58123"}],"version-history":[{"count":0,"href":"https:\/\/www.radiopresidenteibanez.cl\/web\/wp-json\/wp\/v2\/posts\/58123\/revisions"}],"wp:featuredmedia":[{"embeddable":true,"href":"https:\/\/www.radiopresidenteibanez.cl\/web\/wp-json\/wp\/v2\/media\/58124"}],"wp:attachment":[{"href":"https:\/\/www.radiopresidenteibanez.cl\/web\/wp-json\/wp\/v2\/media?parent=58123"}],"wp:term":[{"taxonomy":"category","embeddable":true,"href":"https:\/\/www.radiopresidenteibanez.cl\/web\/wp-json\/wp\/v2\/categories?post=58123"},{"taxonomy":"post_tag","embeddable":true,"href":"https:\/\/www.radiopresidenteibanez.cl\/web\/wp-json\/wp\/v2\/tags?post=58123"}],"curies":[{"name":"wp","href":"https:\/\/api.w.org\/{rel}","templated":true}]}}